{"id":1123,"date":"2016-06-18T21:58:43","date_gmt":"2016-06-18T19:58:43","guid":{"rendered":"http:\/\/www.ff-kolkwitz.de\/?p=1123"},"modified":"2016-06-28T22:07:19","modified_gmt":"2016-06-28T20:07:19","slug":"gluecklich-unter-dem-helm","status":"publish","type":"post","link":"https:\/\/www.ff-kolkwitz.de\/?p=1123","title":{"rendered":"Gl\u00fccklich unter dem Helm"},"content":{"rendered":"<p><a href=\"https:\/\/www.ff-kolkwitz.de\/wp-content\/uploads\/2016\/06\/Hochzeit_Ronny_03.jpg\" rel=\"lightbox[1123]\"><img loading=\"lazy\" decoding=\"async\" class=\"aligncenter size-full wp-image-1126\" src=\"https:\/\/www.ff-kolkwitz.de\/wp-content\/uploads\/2016\/06\/Hochzeit_Ronny_03.jpg\" alt=\"Hochzeit_Ronny_03\" width=\"2332\" height=\"1555\" srcset=\"https:\/\/www.ff-kolkwitz.de\/wp-content\/uploads\/2016\/06\/Hochzeit_Ronny_03.jpg 2332w, https:\/\/www.ff-kolkwitz.de\/wp-content\/uploads\/2016\/06\/Hochzeit_Ronny_03-768x512.jpg 768w, https:\/\/www.ff-kolkwitz.de\/wp-content\/uploads\/2016\/06\/Hochzeit_Ronny_03-150x100.jpg 150w\" sizes=\"auto, (max-width: 2332px) 100vw, 2332px\" \/><\/a><\/p>\n<p>Ist unser Kamerad Ronny Richter.<\/p>\n<p>Der jetzt nicht mehr Richter hei\u00dft, seit er seine Katja geheiratet hat \ud83d\ude42<\/p>\n<p>Zur kirchlichen Trauung in Kolkwitz kamen nat\u00fcrlich auch die Kameradinnen und Kameraden gratulieren und haben sich eine Kleinigkeit einfallen lassen.<\/p>\n<div id='gallery-1' class='gallery galleryid-1123 gallery-columns-3 gallery-size-thumbnail'><figure class='gallery-item'>\n\t\t\t<div class='gallery-icon landscape'>\n\t\t\t\t<a href='https:\/\/www.ff-kolkwitz.de\/?attachment_id=1127#main'><img loading=\"lazy\" decoding=\"async\" width=\"250\" height=\"141\" src=\"https:\/\/www.ff-kolkwitz.de\/wp-content\/uploads\/2016\/06\/Hochzeit_Ronny_04-250x141.jpg\" class=\"attachment-thumbnail size-thumbnail\" alt=\"\" aria-describedby=\"gallery-1-1127\" srcset=\"https:\/\/www.ff-kolkwitz.de\/wp-content\/uploads\/2016\/06\/Hochzeit_Ronny_04-250x141.jpg 250w, https:\/\/www.ff-kolkwitz.de\/wp-content\/uploads\/2016\/06\/Hochzeit_Ronny_04-850x478.jpg 850w, https:\/\/www.ff-kolkwitz.de\/wp-content\/uploads\/2016\/06\/Hochzeit_Ronny_04-1200x675.jpg 1200w\" sizes=\"auto, (max-width: 250px) 100vw, 250px\" \/><\/a>\n\t\t\t<\/div>\n\t\t\t\t<figcaption class='wp-caption-text gallery-caption' id='gallery-1-1127'>\n\t\t\t\tBallons durch einen Verteiler aufpusten? Der Fachmann dreht erstmal alle \u00fcberfl\u00fcssigen Ventile zu\n\t\t\t\t<\/figcaption><\/figure><figure class='gallery-item'>\n\t\t\t<div class='gallery-icon landscape'>\n\t\t\t\t<a href='https:\/\/www.ff-kolkwitz.de\/?attachment_id=1128#main'><img loading=\"lazy\" decoding=\"async\" width=\"250\" height=\"141\" src=\"https:\/\/www.ff-kolkwitz.de\/wp-content\/uploads\/2016\/06\/Hochzeit_Ronny_05-250x141.jpg\" class=\"attachment-thumbnail size-thumbnail\" alt=\"\" aria-describedby=\"gallery-1-1128\" srcset=\"https:\/\/www.ff-kolkwitz.de\/wp-content\/uploads\/2016\/06\/Hochzeit_Ronny_05-250x141.jpg 250w, https:\/\/www.ff-kolkwitz.de\/wp-content\/uploads\/2016\/06\/Hochzeit_Ronny_05-850x478.jpg 850w, https:\/\/www.ff-kolkwitz.de\/wp-content\/uploads\/2016\/06\/Hochzeit_Ronny_05-1200x675.jpg 1200w\" sizes=\"auto, (max-width: 250px) 100vw, 250px\" \/><\/a>\n\t\t\t<\/div>\n\t\t\t\t<figcaption class='wp-caption-text gallery-caption' id='gallery-1-1128'>\n\t\t\t\tSieht doch gut aus\n\t\t\t\t<\/figcaption><\/figure><figure class='gallery-item'>\n\t\t\t<div class='gallery-icon landscape'>\n\t\t\t\t<a href='https:\/\/www.ff-kolkwitz.de\/?attachment_id=1129#main'><img loading=\"lazy\" decoding=\"async\" width=\"250\" height=\"141\" src=\"https:\/\/www.ff-kolkwitz.de\/wp-content\/uploads\/2016\/06\/Hochzeit_Ronny_06-250x141.jpg\" class=\"attachment-thumbnail size-thumbnail\" alt=\"\" aria-describedby=\"gallery-1-1129\" srcset=\"https:\/\/www.ff-kolkwitz.de\/wp-content\/uploads\/2016\/06\/Hochzeit_Ronny_06-250x141.jpg 250w, https:\/\/www.ff-kolkwitz.de\/wp-content\/uploads\/2016\/06\/Hochzeit_Ronny_06-850x478.jpg 850w, https:\/\/www.ff-kolkwitz.de\/wp-content\/uploads\/2016\/06\/Hochzeit_Ronny_06-1200x675.jpg 1200w\" sizes=\"auto, (max-width: 250px) 100vw, 250px\" \/><\/a>\n\t\t\t<\/div>\n\t\t\t\t<figcaption class='wp-caption-text gallery-caption' id='gallery-1-1129'>\n\t\t\t\tUnd St\u00fcck f\u00fcr St\u00fcck zum Pustegl\u00fcck\n\t\t\t\t<\/figcaption><\/figure><figure class='gallery-item'>\n\t\t\t<div class='gallery-icon landscape'>\n\t\t\t\t<a href='https:\/\/www.ff-kolkwitz.de\/?attachment_id=1124#main'><img loading=\"lazy\" decoding=\"async\" width=\"250\" height=\"141\" src=\"https:\/\/www.ff-kolkwitz.de\/wp-content\/uploads\/2016\/06\/Hochzeit_Ronny_01-250x141.jpg\" class=\"attachment-thumbnail size-thumbnail\" alt=\"\" aria-describedby=\"gallery-1-1124\" srcset=\"https:\/\/www.ff-kolkwitz.de\/wp-content\/uploads\/2016\/06\/Hochzeit_Ronny_01-250x141.jpg 250w, https:\/\/www.ff-kolkwitz.de\/wp-content\/uploads\/2016\/06\/Hochzeit_Ronny_01-850x478.jpg 850w, https:\/\/www.ff-kolkwitz.de\/wp-content\/uploads\/2016\/06\/Hochzeit_Ronny_01-1200x675.jpg 1200w\" sizes=\"auto, (max-width: 250px) 100vw, 250px\" \/><\/a>\n\t\t\t<\/div>\n\t\t\t\t<figcaption class='wp-caption-text gallery-caption' id='gallery-1-1124'>\n\t\t\t\tOrtswehrf\u00fchrer Ralf Pujo sorgt f\u00fcr den Blumenschmuck&#8230;\n\t\t\t\t<\/figcaption><\/figure><figure class='gallery-item'>\n\t\t\t<div class='gallery-icon landscape'>\n\t\t\t\t<a href='https:\/\/www.ff-kolkwitz.de\/?attachment_id=1125#main'><img loading=\"lazy\" decoding=\"async\" width=\"250\" height=\"141\" src=\"https:\/\/www.ff-kolkwitz.de\/wp-content\/uploads\/2016\/06\/Hochzeit_Ronny_02-250x141.jpg\" class=\"attachment-thumbnail size-thumbnail\" alt=\"\" aria-describedby=\"gallery-1-1125\" srcset=\"https:\/\/www.ff-kolkwitz.de\/wp-content\/uploads\/2016\/06\/Hochzeit_Ronny_02-250x141.jpg 250w, https:\/\/www.ff-kolkwitz.de\/wp-content\/uploads\/2016\/06\/Hochzeit_Ronny_02-850x478.jpg 850w, https:\/\/www.ff-kolkwitz.de\/wp-content\/uploads\/2016\/06\/Hochzeit_Ronny_02-1200x675.jpg 1200w\" sizes=\"auto, (max-width: 250px) 100vw, 250px\" \/><\/a>\n\t\t\t<\/div>\n\t\t\t\t<figcaption class='wp-caption-text gallery-caption' id='gallery-1-1125'>\n\t\t\t\t..den er nat\u00fcrlich dem Brautpaar \u00fcberreichen will\n\t\t\t\t<\/figcaption><\/figure><figure class='gallery-item'>\n\t\t\t<div class='gallery-icon landscape'>\n\t\t\t\t<a href='https:\/\/www.ff-kolkwitz.de\/?attachment_id=1126#main'><img loading=\"lazy\" decoding=\"async\" width=\"250\" height=\"141\" src=\"https:\/\/www.ff-kolkwitz.de\/wp-content\/uploads\/2016\/06\/Hochzeit_Ronny_03-250x141.jpg\" class=\"attachment-thumbnail size-thumbnail\" alt=\"\" srcset=\"https:\/\/www.ff-kolkwitz.de\/wp-content\/uploads\/2016\/06\/Hochzeit_Ronny_03-250x141.jpg 250w, https:\/\/www.ff-kolkwitz.de\/wp-content\/uploads\/2016\/06\/Hochzeit_Ronny_03-850x478.jpg 850w, https:\/\/www.ff-kolkwitz.de\/wp-content\/uploads\/2016\/06\/Hochzeit_Ronny_03-1200x675.jpg 1200w\" sizes=\"auto, (max-width: 250px) 100vw, 250px\" \/><\/a>\n\t\t\t<\/div><\/figure>\n\t\t<\/div>\n\n<p>Wir w\u00fcnschen Katja und Ronny alles Gute zur Hochzeit und viele gl\u00fcckliche gemeinsame Jahre!<\/p>\n","protected":false},"excerpt":{"rendered":"<p>Ist unser Kamerad Ronny Richter. Der jetzt nicht mehr Richter hei\u00dft, seit er seine Katja [&hellip;]<\/p>\n","protected":false},"author":1,"featured_media":0,"comment_status":"open","ping_status":"open","sticky":false,"template":"","format":"standard","meta":{"footnotes":""},"categories":[1,16,17],"tags":[],"class_list":["post-1123","post","type-post","status-publish","format-standard","hentry","category-allgemein","category-internes","category-kokwitz"],"_links":{"self":[{"href":"https:\/\/www.ff-kolkwitz.de\/index.php?rest_route=\/wp\/v2\/posts\/1123","targetHints":{"allow":["GET"]}}],"collection":[{"href":"https:\/\/www.ff-kolkwitz.de\/index.php?rest_route=\/wp\/v2\/posts"}],"about":[{"href":"https:\/\/www.ff-kolkwitz.de\/index.php?rest_route=\/wp\/v2\/types\/post"}],"author":[{"embeddable":true,"href":"https:\/\/www.ff-kolkwitz.de\/index.php?rest_route=\/wp\/v2\/users\/1"}],"replies":[{"embeddable":true,"href":"https:\/\/www.ff-kolkwitz.de\/index.php?rest_route=%2Fwp%2Fv2%2Fcomments&post=1123"}],"version-history":[{"count":1,"href":"https:\/\/www.ff-kolkwitz.de\/index.php?rest_route=\/wp\/v2\/posts\/1123\/revisions"}],"predecessor-version":[{"id":1130,"href":"https:\/\/www.ff-kolkwitz.de\/index.php?rest_route=\/wp\/v2\/posts\/1123\/revisions\/1130"}],"wp:attachment":[{"href":"https:\/\/www.ff-kolkwitz.de\/index.php?rest_route=%2Fwp%2Fv2%2Fmedia&parent=1123"}],"wp:term":[{"taxonomy":"category","embeddable":true,"href":"https:\/\/www.ff-kolkwitz.de\/index.php?rest_route=%2Fwp%2Fv2%2Fcategories&post=1123"},{"taxonomy":"post_tag","embeddable":true,"href":"https:\/\/www.ff-kolkwitz.de\/index.php?rest_route=%2Fwp%2Fv2%2Ftags&post=1123"}],"curies":[{"name":"wp","href":"https:\/\/api.w.org\/{rel}","templated":true}]}}