{"id":1186,"date":"2016-10-19T23:33:38","date_gmt":"2016-10-19T21:33:38","guid":{"rendered":"http:\/\/www.ff-kolkwitz.de\/?p=1186"},"modified":"2016-10-19T23:33:38","modified_gmt":"2016-10-19T21:33:38","slug":"finanzspritze-fuer-die-jugendfeuerwehr","status":"publish","type":"post","link":"https:\/\/www.ff-kolkwitz.de\/?p=1186","title":{"rendered":"Finanzspritze f\u00fcr die Jugendfeuerwehr"},"content":{"rendered":"<p><a href=\"https:\/\/www.ff-kolkwitz.de\/wp-content\/uploads\/2016\/10\/IMG_2336.jpg\" rel=\"lightbox[1186]\"><img loading=\"lazy\" decoding=\"async\" class=\"aligncenter size-full wp-image-1187\" src=\"https:\/\/www.ff-kolkwitz.de\/wp-content\/uploads\/2016\/10\/IMG_2336.jpg\" alt=\"img_2336\" width=\"2592\" height=\"1728\" srcset=\"https:\/\/www.ff-kolkwitz.de\/wp-content\/uploads\/2016\/10\/IMG_2336.jpg 2592w, https:\/\/www.ff-kolkwitz.de\/wp-content\/uploads\/2016\/10\/IMG_2336-768x512.jpg 768w, https:\/\/www.ff-kolkwitz.de\/wp-content\/uploads\/2016\/10\/IMG_2336-150x100.jpg 150w\" sizes=\"auto, (max-width: 2592px) 100vw, 2592px\" \/><\/a><\/p>\n<p>Ein spannendes Wochenende liegt hinter den M\u00e4dchen und Jungen der Kolkwitzer Jugendfeuerwehr. Drei Tage lang geh\u00f6rte das Ger\u00e4tehaus komplett dem Nachwuchs: Beim Ausbildungslager probten sie den Feuerwehralltag in Theorie und Praxis. Ausfl\u00fcge, Orientierungsl\u00e4ufe und simulierte Eins\u00e4tze sorgten nicht nur f\u00fcr einen erweiterten Erfahrungsschatz sondern auch f\u00fcr jede Menge Spa\u00df.<\/p>\n<p>Eine besondere Erfahrung f\u00fcr die Kinder und Jugendlichen, die eine Menge Aufwand f\u00fcr die Betreuerinnen und Betreuer und die Kolkwitzer Ortswehr bedeuteten. Nicht nur zeitlich, sondern auch finanziell. Gut, dass die Jugendfeuerwehr seit mehreren Jahren einen gro\u00dfz\u00fcgigen Unterst\u00fctzer an ihrer Seite hat: Mathias Beil brachte zum Appell am Freitag einen dicken Scheck \u00fcber 1.200\u20ac zum Ger\u00e4tehaus: \u201eIch finde es sehr wichtig, was die Feuerwehr hier macht und freue mich, wenn ich den Kindern und Jugendlichen eine gute Ausbildung erm\u00f6glichen kann. Sie lernen hier ja nicht nur die Feuerwehrkentnisse, sondern auch Teamf\u00e4higkeit und etwas f\u00fcrs Leben.\u201c<\/p>\n<p>Verdient haben sich die Nachwuchskameradinnen und Kameraden den Zuschuss zu ihrem Jugendlager ein St\u00fcck weit selbst. Im vergangenen Jahr halfen sie dem Metallunternehmer beim Weihnachtsbaumverkauf auf seinem Betriebsgel\u00e4nde.<\/p>\n","protected":false},"excerpt":{"rendered":"<p>Ein spannendes Wochenende liegt hinter den M\u00e4dchen und Jungen der Kolkwitzer Jugendfeuerwehr. Drei Tage lang [&hellip;]<\/p>\n","protected":false},"author":1,"featured_media":0,"comment_status":"open","ping_status":"open","sticky":false,"template":"","format":"standard","meta":{"footnotes":""},"categories":[18],"tags":[149,158,14],"class_list":["post-1186","post","type-post","status-publish","format-standard","hentry","category-jugendfeuerwehr","tag-beil","tag-jugendlager","tag-spende"],"_links":{"self":[{"href":"https:\/\/www.ff-kolkwitz.de\/index.php?rest_route=\/wp\/v2\/posts\/1186","targetHints":{"allow":["GET"]}}],"collection":[{"href":"https:\/\/www.ff-kolkwitz.de\/index.php?rest_route=\/wp\/v2\/posts"}],"about":[{"href":"https:\/\/www.ff-kolkwitz.de\/index.php?rest_route=\/wp\/v2\/types\/post"}],"author":[{"embeddable":true,"href":"https:\/\/www.ff-kolkwitz.de\/index.php?rest_route=\/wp\/v2\/users\/1"}],"replies":[{"embeddable":true,"href":"https:\/\/www.ff-kolkwitz.de\/index.php?rest_route=%2Fwp%2Fv2%2Fcomments&post=1186"}],"version-history":[{"count":1,"href":"https:\/\/www.ff-kolkwitz.de\/index.php?rest_route=\/wp\/v2\/posts\/1186\/revisions"}],"predecessor-version":[{"id":1188,"href":"https:\/\/www.ff-kolkwitz.de\/index.php?rest_route=\/wp\/v2\/posts\/1186\/revisions\/1188"}],"wp:attachment":[{"href":"https:\/\/www.ff-kolkwitz.de\/index.php?rest_route=%2Fwp%2Fv2%2Fmedia&parent=1186"}],"wp:term":[{"taxonomy":"category","embeddable":true,"href":"https:\/\/www.ff-kolkwitz.de\/index.php?rest_route=%2Fwp%2Fv2%2Fcategories&post=1186"},{"taxonomy":"post_tag","embeddable":true,"href":"https:\/\/www.ff-kolkwitz.de\/index.php?rest_route=%2Fwp%2Fv2%2Ftags&post=1186"}],"curies":[{"name":"wp","href":"https:\/\/api.w.org\/{rel}","templated":true}]}}