{"id":1314,"date":"2017-01-23T21:28:09","date_gmt":"2017-01-23T19:28:09","guid":{"rendered":"http:\/\/www.ff-kolkwitz.de\/?p=1314"},"modified":"2017-01-23T21:46:57","modified_gmt":"2017-01-23T19:46:57","slug":"jahreshauptversammlung","status":"publish","type":"post","link":"https:\/\/www.ff-kolkwitz.de\/?p=1314","title":{"rendered":"Jahreshauptversammlung"},"content":{"rendered":"<p><a href=\"https:\/\/www.ff-kolkwitz.de\/wp-content\/uploads\/2017\/01\/JHV01.jpg\" rel=\"lightbox[1314]\"><img loading=\"lazy\" decoding=\"async\" class=\"aligncenter size-large wp-image-1315\" src=\"https:\/\/www.ff-kolkwitz.de\/wp-content\/uploads\/2017\/01\/JHV01-1200x675.jpg\" alt=\"\" width=\"830\" height=\"467\" srcset=\"https:\/\/www.ff-kolkwitz.de\/wp-content\/uploads\/2017\/01\/JHV01-1200x675.jpg 1200w, https:\/\/www.ff-kolkwitz.de\/wp-content\/uploads\/2017\/01\/JHV01-250x141.jpg 250w, https:\/\/www.ff-kolkwitz.de\/wp-content\/uploads\/2017\/01\/JHV01-850x478.jpg 850w\" sizes=\"auto, (max-width: 830px) 100vw, 830px\" \/><\/a><\/p>\n<p>Nach einem Rekordjahr 2015 mussten die Kameradinnen und Kameraden der Kolkwitzer Ortswehr im Jahr 2016 deutlich weniger ausr\u00fccken. Erfreulich: Egal ob mitten in der Nacht oder tags\u00fcber \u2013 kein einziger Einsatz musste wegen mangelndem Personal ausfallen. Allerdings spielt die Freiwillige Feuerwehr immer \u00f6fter lediglich T\u00fcr\u00f6ffner f\u00fcr den Rettungsdienst, kritisiert die Wehrf\u00fchrung. Hier besteht Handlungsbedarf.<\/p>\n<p>Der Kolkwitzer Ortswehrf\u00fchrer Ralf Pujo hat die 40 Eins\u00e4tze aus dem Jahr 2016 analysiert und wieder zeigt sich, dass der Name Feuerwehr schon seit Jahren kaum noch richtig zutrifft: Nat\u00fcrlich gab es auch Feuer, die die 35 Kameradinnen und Kameraden im vergangenen Jahr l\u00f6schen mussten. Von schmorender Elektrik bis zum Gro\u00dfbrand bei Ricken in Vetschau, wo das Kolkwitzer Tankl\u00f6schfahrzeug im Einsatz war. Von Waldbr\u00e4nden blieb die Gro\u00dfgemeinde im letzten Jahr verschont. 11 Brandeins\u00e4tzen standen allerdings 29 Hilfeleistungseins\u00e4tze gegen\u00fcber. Dazu z\u00e4hlen z.B. Verkehrsunf\u00e4lle, die nach einem unfallreichen Jahr 2015 im vergangenen Jahr gl\u00fccklicherweise ebenfalls zur\u00fcckgegangen sind. Au\u00dferdem wurde die Kolkwitzer Ortswehr deutlich seltener gerufen, um dem Rettungsdienst dabei zu helfen, Patienten aus der Wohnung zu tragen. Waren 2015 noch 15 sogenannte Tragehilfen zu verzeichnen, so waren es 2016 nur noch 6. Sorgen bereitet Ralf Pujo allerdings, dass die Feuerwehr im vergangenen Jahr immer wieder gerufen wurde, weil der Rettungsdienst nicht zu Patienten in die Wohnung kam. \u201eLetztendlich schaffen wir hier nur den Zugang, damit der Rettungsdienst hineinkommt. Hier sehe ich einen Handlungsbedarf. Der Gro\u00dfteil der Alarmierungen wurde durch\u00a0 Hausnotruf-Dienste ausgel\u00f6st. Wenn ich diesen Service anbiete, muss ich mir auch \u00fcberlegen, wie der Rettungsdienst zum Patienten kommt.\u201c In Einrichtungen mit betreutem Wohnen k\u00f6nnten z.B. Schl\u00fcsseldepots f\u00fcr Rettungskr\u00e4fte installiert werden. Auch der stellvertretende Gemeindewehrf\u00fchrer, Steffen Theiler, dr\u00e4ngt auf eine L\u00f6sung des Problems: \u201eGerade die Kolkwitzer Ortswehr wird zu fast allen T\u00fcr\u00f6ffnungen im Gemeindegebiet gerufen, weil sie entsprechend ausger\u00fcstet ist. Das sind sehr viele Eins\u00e4tze. Und zwar zu allen Tages- und Nachtzeiten. Da f\u00e4llt es auf Dauer vielen Kameraden schwer, sich zu motivieren. Der Landesfeuerwehrverband und auch der Kreisbrandmeister arbeiten momentan daran, dass die Feuerwehr in diesem Bereich entlastet wird.\u201c<br \/>\nSteffen Theiler warf noch einen weiteren Blick in die Zukunft: Gerade haben die Gemeindevertreter die neue Feuerwehrkonzeption beschlossen und damit auch den Weg frei gemacht f\u00fcr ein neues L\u00f6schfahrzeug, das dann auch Platz f\u00fcr die ganzen Ausr\u00fcstungsgegenst\u00e4nde bietet. Zukunftsf\u00e4hig ist auch die Jugendfeuerwehr aufgestellt: Jugendwart Christian Otte kann auf ein regelrechtes Rekordjahr zur\u00fcckblicken: Die Kinder- und Jugendabteilung ist auf 19 Jungen und 4 M\u00e4dchen gewachsen. Die haben 30 \u00dcbungen absolviert, an Wettk\u00e4mpfen und Jugendlagern teilgenommen.<\/p>\n<p>Die Jahreshauptversammlung ist nat\u00fcrlich auch immer ein guter Anla\u00df, verdiente Kameradinnen und Kameraden f\u00fcr langj\u00e4hrige T\u00e4tigkeit in der Feuerwehr zu ehren und zu bef\u00f6rdern.<\/p>\n<p><span style=\"text-decoration: underline;\">zum <strong>Hauptfeuerwehrmann<\/strong> wurde bef\u00f6rdert:<\/span><\/p>\n<p>William Janhoefer<\/p>\n<p><span style=\"text-decoration: underline;\">zum <strong>L\u00f6schmeister<\/strong> wurden bef\u00f6rdert:<\/span><\/p>\n<p>Christian Bobowk, Ren\u00e9 Buchan, Sascha Erler<\/p>\n<p><span style=\"text-decoration: underline;\">zum <strong>Hauptl\u00f6schmeister<\/strong> wurden bef\u00f6rdert:<\/span><\/p>\n<p>Dennis Koal, Martin Mathow, Christian Otte<\/p>\n<p><span style=\"text-decoration: underline;\">Zum <strong>Hauptbrandmeister<\/strong> wurde bef\u00f6rdert:<\/span><\/p>\n<p>Mathias Kappa<\/p>\n<p><span style=\"text-decoration: underline;\">Zum <strong>1. Hauptbrandmeister<\/strong> wurde bef\u00f6rdert:<\/span><\/p>\n<p>Ralf Pujo<\/p>\n<p>Technisch und personell ist die Kolkwitzer Ortswehr also gut aufgestellt f\u00fcr die Zukunft und hofft trotzdem, dass sie 2017 nicht allzu oft gerufen werden muss.<\/p>\n","protected":false},"excerpt":{"rendered":"<p>Nach einem Rekordjahr 2015 mussten die Kameradinnen und Kameraden der Kolkwitzer Ortswehr im Jahr 2016 [&hellip;]<\/p>\n","protected":false},"author":1,"featured_media":0,"comment_status":"open","ping_status":"open","sticky":false,"template":"","format":"standard","meta":{"footnotes":""},"categories":[1,48,16,18,17,19],"tags":[171,170,23,172],"class_list":["post-1314","post","type-post","status-publish","format-standard","hentry","category-allgemein","category-ausbildung","category-internes","category-jugendfeuerwehr","category-kokwitz","category-neues","tag-befoerderung","tag-ehrung","tag-jahreshauptversammlung","tag-tuernotoeffnung"],"_links":{"self":[{"href":"https:\/\/www.ff-kolkwitz.de\/index.php?rest_route=\/wp\/v2\/posts\/1314","targetHints":{"allow":["GET"]}}],"collection":[{"href":"https:\/\/www.ff-kolkwitz.de\/index.php?rest_route=\/wp\/v2\/posts"}],"about":[{"href":"https:\/\/www.ff-kolkwitz.de\/index.php?rest_route=\/wp\/v2\/types\/post"}],"author":[{"embeddable":true,"href":"https:\/\/www.ff-kolkwitz.de\/index.php?rest_route=\/wp\/v2\/users\/1"}],"replies":[{"embeddable":true,"href":"https:\/\/www.ff-kolkwitz.de\/index.php?rest_route=%2Fwp%2Fv2%2Fcomments&post=1314"}],"version-history":[{"count":3,"href":"https:\/\/www.ff-kolkwitz.de\/index.php?rest_route=\/wp\/v2\/posts\/1314\/revisions"}],"predecessor-version":[{"id":1318,"href":"https:\/\/www.ff-kolkwitz.de\/index.php?rest_route=\/wp\/v2\/posts\/1314\/revisions\/1318"}],"wp:attachment":[{"href":"https:\/\/www.ff-kolkwitz.de\/index.php?rest_route=%2Fwp%2Fv2%2Fmedia&parent=1314"}],"wp:term":[{"taxonomy":"category","embeddable":true,"href":"https:\/\/www.ff-kolkwitz.de\/index.php?rest_route=%2Fwp%2Fv2%2Fcategories&post=1314"},{"taxonomy":"post_tag","embeddable":true,"href":"https:\/\/www.ff-kolkwitz.de\/index.php?rest_route=%2Fwp%2Fv2%2Ftags&post=1314"}],"curies":[{"name":"wp","href":"https:\/\/api.w.org\/{rel}","templated":true}]}}