{"id":1351,"date":"2017-02-28T19:50:11","date_gmt":"2017-02-28T17:50:11","guid":{"rendered":"http:\/\/www.ff-kolkwitz.de\/?p=1351"},"modified":"2017-02-28T19:51:13","modified_gmt":"2017-02-28T17:51:13","slug":"immer-bei-puste","status":"publish","type":"post","link":"https:\/\/www.ff-kolkwitz.de\/?p=1351","title":{"rendered":"Immer bei Puste"},"content":{"rendered":"<p>Am Wochenende waren 10 Kameraden der Kolkwitzer Ortswehr (gemeinsam mit anderen Ortswehren aus der Gro\u00dfgemeinde) zur Ausbildung auf der Atemschutzstrecke der Berufsfeuerwehr. Denn mit der einmaligen Ausbildung zum Atemschutzger\u00e4tetr\u00e4ger ist es nicht getan, damit die Feuerwehrleute beim Einsatz die Atemluftflaschen anlegen d\u00fcrfen. Jedes Jahr m\u00fcssen sie ihre Tauglichkeit aufs neue beweisen:<\/p>\n<ul>\n<li>Eine g\u00fcltige \u00e4rtzliche Untersuchung (muss alle 3 Jahre erneuert werden)<\/li>\n<li>Mindestens ein Einsatz unter Pressluftatmer oder eine realit\u00e4tsnahe \u00dcbung<\/li>\n<li>Besuch der Atemschutzstrecke<\/li>\n<\/ul>\n<p>All das ist n\u00f6tig, damit im Ernstfall der Umgang mit dem \u00fcber 15 Kilo schweren Ger\u00e4t sitzt. Die Atemschutzstrecke hat es dabei in sich: Die Feuerwehrleute m\u00fcssen sich in v\u00f6lliger Dunkenlheit ihren Weg durch ein Metallk\u00e4fig-Labyrinth suchen und dabei Engstellen, T\u00fcrchen, Klappen, R\u00f6hren und Gastanks durchqueren &#8211; ohne einen allzu hohen Puls oder Panikattacken zu bekommen.<\/p>\n<p>\u00dcberwachung ist deshalb das A und O. Auf dem gelben Klemmbrett werden die Namen der Kameraden eingetragen, wann sie in den Einsatz gehen und wie viel Druck ihre Flaschen haben. Das wird regelm\u00e4\u00dfig von der Atemschutz\u00fcberwachung abgefragt:<\/p>\n<p><a href=\"https:\/\/www.ff-kolkwitz.de\/wp-content\/uploads\/2017\/02\/Atemschutz_002.jpg\" rel=\"lightbox[1351]\"><img loading=\"lazy\" decoding=\"async\" class=\"aligncenter size-large wp-image-1345\" src=\"https:\/\/www.ff-kolkwitz.de\/wp-content\/uploads\/2017\/02\/Atemschutz_002-1200x675.jpg\" alt=\"\" width=\"830\" height=\"467\" srcset=\"https:\/\/www.ff-kolkwitz.de\/wp-content\/uploads\/2017\/02\/Atemschutz_002-1200x675.jpg 1200w, https:\/\/www.ff-kolkwitz.de\/wp-content\/uploads\/2017\/02\/Atemschutz_002-250x141.jpg 250w, https:\/\/www.ff-kolkwitz.de\/wp-content\/uploads\/2017\/02\/Atemschutz_002-850x478.jpg 850w, https:\/\/www.ff-kolkwitz.de\/wp-content\/uploads\/2017\/02\/Atemschutz_002-768x432.jpg 768w\" sizes=\"auto, (max-width: 830px) 100vw, 830px\" \/><\/a><\/p>\n<p>Letzte Kontrolle, ob alles so sitzt, wie es muss, dann kanns hinein gehen:<\/p>\n<p><a href=\"https:\/\/www.ff-kolkwitz.de\/wp-content\/uploads\/2017\/02\/Atemschutz_002_1.jpg\" rel=\"lightbox[1351]\"><img loading=\"lazy\" decoding=\"async\" class=\"aligncenter size-large wp-image-1346\" src=\"https:\/\/www.ff-kolkwitz.de\/wp-content\/uploads\/2017\/02\/Atemschutz_002_1-1200x675.jpg\" alt=\"\" width=\"830\" height=\"467\" srcset=\"https:\/\/www.ff-kolkwitz.de\/wp-content\/uploads\/2017\/02\/Atemschutz_002_1-1200x675.jpg 1200w, https:\/\/www.ff-kolkwitz.de\/wp-content\/uploads\/2017\/02\/Atemschutz_002_1-250x141.jpg 250w, https:\/\/www.ff-kolkwitz.de\/wp-content\/uploads\/2017\/02\/Atemschutz_002_1-850x478.jpg 850w, https:\/\/www.ff-kolkwitz.de\/wp-content\/uploads\/2017\/02\/Atemschutz_002_1-768x432.jpg 768w\" sizes=\"auto, (max-width: 830px) 100vw, 830px\" \/><\/a><\/p>\n<p>ganz sch\u00f6n dunkel hier:<\/p>\n<p><a href=\"https:\/\/www.ff-kolkwitz.de\/wp-content\/uploads\/2017\/02\/Atemschutz_003.jpg\" rel=\"lightbox[1351]\"><img loading=\"lazy\" decoding=\"async\" class=\"aligncenter size-large wp-image-1347\" src=\"https:\/\/www.ff-kolkwitz.de\/wp-content\/uploads\/2017\/02\/Atemschutz_003-1200x675.jpg\" alt=\"\" width=\"830\" height=\"467\" srcset=\"https:\/\/www.ff-kolkwitz.de\/wp-content\/uploads\/2017\/02\/Atemschutz_003-1200x675.jpg 1200w, https:\/\/www.ff-kolkwitz.de\/wp-content\/uploads\/2017\/02\/Atemschutz_003-250x141.jpg 250w, https:\/\/www.ff-kolkwitz.de\/wp-content\/uploads\/2017\/02\/Atemschutz_003-850x478.jpg 850w, https:\/\/www.ff-kolkwitz.de\/wp-content\/uploads\/2017\/02\/Atemschutz_003-768x432.jpg 768w\" sizes=\"auto, (max-width: 830px) 100vw, 830px\" \/><\/a><\/p>\n<p>Auch bei Ihrem Weg durch den &#8220;K\u00e4fig&#8221; werden die Kameraden st\u00e4ndig \u00fcberwacht. Jeder tr\u00e4gt einen Puls-Sensor mit Sender, die Trupps haben Funkger\u00e4te und werden von draussen per Nachtbildkamera beobachtet:<\/p>\n<p><a href=\"https:\/\/www.ff-kolkwitz.de\/wp-content\/uploads\/2017\/02\/Atemschutz_006.jpg\" rel=\"lightbox[1351]\"><img loading=\"lazy\" decoding=\"async\" class=\"aligncenter size-large wp-image-1349\" src=\"https:\/\/www.ff-kolkwitz.de\/wp-content\/uploads\/2017\/02\/Atemschutz_006-1200x675.jpg\" alt=\"\" width=\"830\" height=\"467\" srcset=\"https:\/\/www.ff-kolkwitz.de\/wp-content\/uploads\/2017\/02\/Atemschutz_006-1200x675.jpg 1200w, https:\/\/www.ff-kolkwitz.de\/wp-content\/uploads\/2017\/02\/Atemschutz_006-250x141.jpg 250w, https:\/\/www.ff-kolkwitz.de\/wp-content\/uploads\/2017\/02\/Atemschutz_006-850x478.jpg 850w, https:\/\/www.ff-kolkwitz.de\/wp-content\/uploads\/2017\/02\/Atemschutz_006-768x432.jpg 768w\" sizes=\"auto, (max-width: 830px) 100vw, 830px\" \/><\/a><\/p>\n<p>Auf halber Strecke gehts nochmal kurz nach draussen in den Sportraum: Endlosleitersteigen. Damit soll die Belastung an der Einsatzstelle simuliert werden:<\/p>\n<p><a href=\"https:\/\/www.ff-kolkwitz.de\/wp-content\/uploads\/2017\/02\/Atemschutz_005.jpg\" rel=\"lightbox[1351]\"><img loading=\"lazy\" decoding=\"async\" class=\"aligncenter size-large wp-image-1348\" src=\"https:\/\/www.ff-kolkwitz.de\/wp-content\/uploads\/2017\/02\/Atemschutz_005-1200x675.jpg\" alt=\"\" width=\"830\" height=\"467\" srcset=\"https:\/\/www.ff-kolkwitz.de\/wp-content\/uploads\/2017\/02\/Atemschutz_005-1200x675.jpg 1200w, https:\/\/www.ff-kolkwitz.de\/wp-content\/uploads\/2017\/02\/Atemschutz_005-250x141.jpg 250w, https:\/\/www.ff-kolkwitz.de\/wp-content\/uploads\/2017\/02\/Atemschutz_005-850x478.jpg 850w, https:\/\/www.ff-kolkwitz.de\/wp-content\/uploads\/2017\/02\/Atemschutz_005-768x432.jpg 768w\" sizes=\"auto, (max-width: 830px) 100vw, 830px\" \/><\/a><\/p>\n<p>Nach einer zweiten Runde durch die Gitterk\u00e4fige ist die \u00dcbung noch nicht zu Ende: Der virtuelle R\u00fcckweg von der Einsatzstelle zum Fahrzeug muss auch noch geschafft werden. In dem Fall sogar\u00a0 bequem auf dem Rad \ud83d\ude09<\/p>\n<p><a href=\"https:\/\/www.ff-kolkwitz.de\/wp-content\/uploads\/2017\/02\/Atemschutz_007.jpg\" rel=\"lightbox[1351]\"><img loading=\"lazy\" decoding=\"async\" class=\"aligncenter size-large wp-image-1350\" src=\"https:\/\/www.ff-kolkwitz.de\/wp-content\/uploads\/2017\/02\/Atemschutz_007-1200x675.jpg\" alt=\"\" width=\"830\" height=\"467\" srcset=\"https:\/\/www.ff-kolkwitz.de\/wp-content\/uploads\/2017\/02\/Atemschutz_007-1200x675.jpg 1200w, https:\/\/www.ff-kolkwitz.de\/wp-content\/uploads\/2017\/02\/Atemschutz_007-250x141.jpg 250w, https:\/\/www.ff-kolkwitz.de\/wp-content\/uploads\/2017\/02\/Atemschutz_007-850x478.jpg 850w, https:\/\/www.ff-kolkwitz.de\/wp-content\/uploads\/2017\/02\/Atemschutz_007-768x432.jpg 768w\" sizes=\"auto, (max-width: 830px) 100vw, 830px\" \/><\/a><\/p>\n<p>Geschafft! Die Ergebnisse werden fein s\u00e4uberlich dokumentiert, damit jeder Kamerad seine Tauglichkeit auch nachweisen kann:<\/p>\n<p><a href=\"https:\/\/www.ff-kolkwitz.de\/wp-content\/uploads\/2017\/02\/Atemschutz_001.jpg\" rel=\"lightbox[1351]\"><img loading=\"lazy\" decoding=\"async\" class=\"aligncenter size-large wp-image-1344\" src=\"https:\/\/www.ff-kolkwitz.de\/wp-content\/uploads\/2017\/02\/Atemschutz_001-1200x675.jpg\" alt=\"\" width=\"830\" height=\"467\" srcset=\"https:\/\/www.ff-kolkwitz.de\/wp-content\/uploads\/2017\/02\/Atemschutz_001-1200x675.jpg 1200w, https:\/\/www.ff-kolkwitz.de\/wp-content\/uploads\/2017\/02\/Atemschutz_001-250x141.jpg 250w, https:\/\/www.ff-kolkwitz.de\/wp-content\/uploads\/2017\/02\/Atemschutz_001-850x478.jpg 850w, https:\/\/www.ff-kolkwitz.de\/wp-content\/uploads\/2017\/02\/Atemschutz_001-768x432.jpg 768w\" sizes=\"auto, (max-width: 830px) 100vw, 830px\" \/><\/a><\/p>\n<p>Niemand durchgefallen! Damit hat die Feuerwehr Kolkwitz f\u00fcr dieses Jahr wieder bewiesen, dass ihre Kameradinnen und Kameraden ziemlich fit sind. Hoffentlich m\u00fcssen wir die aufgefrischten Kentnisse so schnell nicht in der Praxis umsetzen.<\/p>\n","protected":false},"excerpt":{"rendered":"<p>Am Wochenende waren 10 Kameraden der Kolkwitzer Ortswehr (gemeinsam mit anderen Ortswehren aus der Gro\u00dfgemeinde) [&hellip;]<\/p>\n","protected":false},"author":1,"featured_media":0,"comment_status":"open","ping_status":"open","sticky":false,"template":"","format":"standard","meta":{"footnotes":""},"categories":[48],"tags":[120,174,173,121],"class_list":["post-1351","post","type-post","status-publish","format-standard","hentry","category-ausbildung","tag-atemschutz","tag-pressluft","tag-strecke","tag-uebung"],"_links":{"self":[{"href":"https:\/\/www.ff-kolkwitz.de\/index.php?rest_route=\/wp\/v2\/posts\/1351","targetHints":{"allow":["GET"]}}],"collection":[{"href":"https:\/\/www.ff-kolkwitz.de\/index.php?rest_route=\/wp\/v2\/posts"}],"about":[{"href":"https:\/\/www.ff-kolkwitz.de\/index.php?rest_route=\/wp\/v2\/types\/post"}],"author":[{"embeddable":true,"href":"https:\/\/www.ff-kolkwitz.de\/index.php?rest_route=\/wp\/v2\/users\/1"}],"replies":[{"embeddable":true,"href":"https:\/\/www.ff-kolkwitz.de\/index.php?rest_route=%2Fwp%2Fv2%2Fcomments&post=1351"}],"version-history":[{"count":3,"href":"https:\/\/www.ff-kolkwitz.de\/index.php?rest_route=\/wp\/v2\/posts\/1351\/revisions"}],"predecessor-version":[{"id":1354,"href":"https:\/\/www.ff-kolkwitz.de\/index.php?rest_route=\/wp\/v2\/posts\/1351\/revisions\/1354"}],"wp:attachment":[{"href":"https:\/\/www.ff-kolkwitz.de\/index.php?rest_route=%2Fwp%2Fv2%2Fmedia&parent=1351"}],"wp:term":[{"taxonomy":"category","embeddable":true,"href":"https:\/\/www.ff-kolkwitz.de\/index.php?rest_route=%2Fwp%2Fv2%2Fcategories&post=1351"},{"taxonomy":"post_tag","embeddable":true,"href":"https:\/\/www.ff-kolkwitz.de\/index.php?rest_route=%2Fwp%2Fv2%2Ftags&post=1351"}],"curies":[{"name":"wp","href":"https:\/\/api.w.org\/{rel}","templated":true}]}}