{"id":1377,"date":"2017-03-29T20:37:23","date_gmt":"2017-03-29T18:37:23","guid":{"rendered":"http:\/\/www.ff-kolkwitz.de\/?p=1377"},"modified":"2017-04-02T21:34:26","modified_gmt":"2017-04-02T19:34:26","slug":"atemschutzlehrgang","status":"publish","type":"post","link":"https:\/\/www.ff-kolkwitz.de\/?p=1377","title":{"rendered":"Atemschutzlehrgang"},"content":{"rendered":"<p>Am Wochenende 25.\/26.3. fand im Ger\u00e4tehaus Kolkwitz eine Ausbildung f\u00fcr Atemschutzger\u00e4tetr\u00e4ger statt. Als Information f\u00fcr die Teilnehmer (die ihre Teilnehmernummer kennen) hier die Ergebnisse:<\/p>\n<p>Pr\u00fcfungsergebnisse ATG &#8211; Lehrgang 12600\/07\/2017<\/p>\n<pre style=\"padding-left: 30px;\">\u00a01) \u00a0 \u00a0 66\r\n\u00a02) \u00a0 \u00a0 45\r\n\u00a03) \u00a0 \u00a0 62\r\n\u00a04) \u00a0 \u00a0 50\r\n\u00a05) \u00a0 \u00a0 47\r\n\u00a06) \u00a0 \u00a0 57\r\n\u00a07) \u00a0 \u00a0 46\r\n\u00a08) \u00a0 \u00a0 59\r\n\u00a09) \u00a0 \u00a0 59\r\n10) \u00a0 \u00a0 59\r\n11) \u00a0 \u00a0 57\r\n12) \u00a0 \u00a0 61\r\n13) \u00a0 \u00a0 63\r\n14) \u00a0 \u00a0 61\r\n15) \u00a0 \u00a0 52<\/pre>\n<p>&nbsp;<\/p>\n","protected":false},"excerpt":{"rendered":"<p>Am Wochenende 25.\/26.3. fand im Ger\u00e4tehaus Kolkwitz eine Ausbildung f\u00fcr Atemschutzger\u00e4tetr\u00e4ger statt. Als Information f\u00fcr [&hellip;]<\/p>\n","protected":false},"author":1,"featured_media":0,"comment_status":"open","ping_status":"open","sticky":false,"template":"","format":"standard","meta":{"footnotes":""},"categories":[48,16],"tags":[],"class_list":["post-1377","post","type-post","status-publish","format-standard","hentry","category-ausbildung","category-internes"],"_links":{"self":[{"href":"https:\/\/www.ff-kolkwitz.de\/index.php?rest_route=\/wp\/v2\/posts\/1377","targetHints":{"allow":["GET"]}}],"collection":[{"href":"https:\/\/www.ff-kolkwitz.de\/index.php?rest_route=\/wp\/v2\/posts"}],"about":[{"href":"https:\/\/www.ff-kolkwitz.de\/index.php?rest_route=\/wp\/v2\/types\/post"}],"author":[{"embeddable":true,"href":"https:\/\/www.ff-kolkwitz.de\/index.php?rest_route=\/wp\/v2\/users\/1"}],"replies":[{"embeddable":true,"href":"https:\/\/www.ff-kolkwitz.de\/index.php?rest_route=%2Fwp%2Fv2%2Fcomments&post=1377"}],"version-history":[{"count":3,"href":"https:\/\/www.ff-kolkwitz.de\/index.php?rest_route=\/wp\/v2\/posts\/1377\/revisions"}],"predecessor-version":[{"id":1381,"href":"https:\/\/www.ff-kolkwitz.de\/index.php?rest_route=\/wp\/v2\/posts\/1377\/revisions\/1381"}],"wp:attachment":[{"href":"https:\/\/www.ff-kolkwitz.de\/index.php?rest_route=%2Fwp%2Fv2%2Fmedia&parent=1377"}],"wp:term":[{"taxonomy":"category","embeddable":true,"href":"https:\/\/www.ff-kolkwitz.de\/index.php?rest_route=%2Fwp%2Fv2%2Fcategories&post=1377"},{"taxonomy":"post_tag","embeddable":true,"href":"https:\/\/www.ff-kolkwitz.de\/index.php?rest_route=%2Fwp%2Fv2%2Ftags&post=1377"}],"curies":[{"name":"wp","href":"https:\/\/api.w.org\/{rel}","templated":true}]}}