{"id":1399,"date":"2017-04-09T22:14:03","date_gmt":"2017-04-09T20:14:03","guid":{"rendered":"http:\/\/www.ff-kolkwitz.de\/?p=1399"},"modified":"2017-04-12T13:41:14","modified_gmt":"2017-04-12T11:41:14","slug":"licht-an-der-fruehling-naht","status":"publish","type":"post","link":"https:\/\/www.ff-kolkwitz.de\/?p=1399","title":{"rendered":"Licht an, Der Fr\u00fchling naht!"},"content":{"rendered":"<p>Nachdem wir uns den Winter \u00fcber mit Schulungen geistig fit gehalten haben, ging es jetzt endlich wieder nach draussen: Zur ersten \u00dcbung des Jahres. Und da es zwar l\u00e4nger hell bleibt, aber noch nicht lang genug widmeten wir uns dem Thema: Ausleuchten der Einsatzstelle.<\/p>\n<p>Unser TLF sollte schattenfrei ausgeleuchtet werden. Also von mehreren Seiten angestrahlt, so dass man nirgendwo im Schatten steht, wenn man am Fahrzeug arbeitet. So w\u00fcrden im Ernstfall Einsatzstellen ausgeleuchtet.<\/p>\n<div id='gallery-1' class='gallery galleryid-1399 gallery-columns-3 gallery-size-thumbnail'><figure class='gallery-item'>\n\t\t\t<div class='gallery-icon landscape'>\n\t\t\t\t<a href='https:\/\/www.ff-kolkwitz.de\/wp-content\/uploads\/2017\/04\/2017-04-09-Erste-Uebung10.jpg' rel=\"lightbox[1399]\"><img loading=\"lazy\" decoding=\"async\" width=\"250\" height=\"141\" src=\"https:\/\/www.ff-kolkwitz.de\/wp-content\/uploads\/2017\/04\/2017-04-09-Erste-Uebung10-250x141.jpg\" class=\"attachment-thumbnail size-thumbnail\" alt=\"\" aria-describedby=\"gallery-1-1398\" srcset=\"https:\/\/www.ff-kolkwitz.de\/wp-content\/uploads\/2017\/04\/2017-04-09-Erste-Uebung10-250x141.jpg 250w, https:\/\/www.ff-kolkwitz.de\/wp-content\/uploads\/2017\/04\/2017-04-09-Erste-Uebung10-850x478.jpg 850w, https:\/\/www.ff-kolkwitz.de\/wp-content\/uploads\/2017\/04\/2017-04-09-Erste-Uebung10-768x432.jpg 768w, https:\/\/www.ff-kolkwitz.de\/wp-content\/uploads\/2017\/04\/2017-04-09-Erste-Uebung10-1200x675.jpg 1200w\" sizes=\"auto, (max-width: 250px) 100vw, 250px\" \/><\/a>\n\t\t\t<\/div>\n\t\t\t\t<figcaption class='wp-caption-text gallery-caption' id='gallery-1-1398'>\n\t\t\t\tDamit alle Ger\u00e4te ordentlich &#8220;Saft&#8221; haben, ist ein Stromerzeuger auf dem LF verlastet\n\t\t\t\t<\/figcaption><\/figure><figure class='gallery-item'>\n\t\t\t<div class='gallery-icon landscape'>\n\t\t\t\t<a href='https:\/\/www.ff-kolkwitz.de\/wp-content\/uploads\/2017\/04\/2017-04-09-Erste-Uebung01.jpg' rel=\"lightbox[1399]\"><img loading=\"lazy\" decoding=\"async\" width=\"250\" height=\"141\" src=\"https:\/\/www.ff-kolkwitz.de\/wp-content\/uploads\/2017\/04\/2017-04-09-Erste-Uebung01-250x141.jpg\" class=\"attachment-thumbnail size-thumbnail\" alt=\"\" srcset=\"https:\/\/www.ff-kolkwitz.de\/wp-content\/uploads\/2017\/04\/2017-04-09-Erste-Uebung01-250x141.jpg 250w, https:\/\/www.ff-kolkwitz.de\/wp-content\/uploads\/2017\/04\/2017-04-09-Erste-Uebung01-850x478.jpg 850w, https:\/\/www.ff-kolkwitz.de\/wp-content\/uploads\/2017\/04\/2017-04-09-Erste-Uebung01-768x432.jpg 768w, https:\/\/www.ff-kolkwitz.de\/wp-content\/uploads\/2017\/04\/2017-04-09-Erste-Uebung01-1200x675.jpg 1200w\" sizes=\"auto, (max-width: 250px) 100vw, 250px\" \/><\/a>\n\t\t\t<\/div><\/figure><figure class='gallery-item'>\n\t\t\t<div class='gallery-icon landscape'>\n\t\t\t\t<a href='https:\/\/www.ff-kolkwitz.de\/wp-content\/uploads\/2017\/04\/2017-04-09-Erste-Uebung09.jpg' rel=\"lightbox[1399]\"><img loading=\"lazy\" decoding=\"async\" width=\"250\" height=\"141\" src=\"https:\/\/www.ff-kolkwitz.de\/wp-content\/uploads\/2017\/04\/2017-04-09-Erste-Uebung09-250x141.jpg\" class=\"attachment-thumbnail size-thumbnail\" alt=\"\" aria-describedby=\"gallery-1-1397\" srcset=\"https:\/\/www.ff-kolkwitz.de\/wp-content\/uploads\/2017\/04\/2017-04-09-Erste-Uebung09-250x141.jpg 250w, https:\/\/www.ff-kolkwitz.de\/wp-content\/uploads\/2017\/04\/2017-04-09-Erste-Uebung09-850x478.jpg 850w, https:\/\/www.ff-kolkwitz.de\/wp-content\/uploads\/2017\/04\/2017-04-09-Erste-Uebung09-768x432.jpg 768w, https:\/\/www.ff-kolkwitz.de\/wp-content\/uploads\/2017\/04\/2017-04-09-Erste-Uebung09-1200x675.jpg 1200w\" sizes=\"auto, (max-width: 250px) 100vw, 250px\" \/><\/a>\n\t\t\t<\/div>\n\t\t\t\t<figcaption class='wp-caption-text gallery-caption' id='gallery-1-1397'>\n\t\t\t\tMit dem Lichtmast des LF wird von der anderen Seite geleuchtet\n\t\t\t\t<\/figcaption><\/figure><figure class='gallery-item'>\n\t\t\t<div class='gallery-icon landscape'>\n\t\t\t\t<a href='https:\/\/www.ff-kolkwitz.de\/wp-content\/uploads\/2017\/04\/2017-04-09-Erste-Uebung03.jpg' rel=\"lightbox[1399]\"><img loading=\"lazy\" decoding=\"async\" width=\"250\" height=\"141\" src=\"https:\/\/www.ff-kolkwitz.de\/wp-content\/uploads\/2017\/04\/2017-04-09-Erste-Uebung03-250x141.jpg\" class=\"attachment-thumbnail size-thumbnail\" alt=\"\" srcset=\"https:\/\/www.ff-kolkwitz.de\/wp-content\/uploads\/2017\/04\/2017-04-09-Erste-Uebung03-250x141.jpg 250w, https:\/\/www.ff-kolkwitz.de\/wp-content\/uploads\/2017\/04\/2017-04-09-Erste-Uebung03-850x478.jpg 850w, https:\/\/www.ff-kolkwitz.de\/wp-content\/uploads\/2017\/04\/2017-04-09-Erste-Uebung03-768x432.jpg 768w, https:\/\/www.ff-kolkwitz.de\/wp-content\/uploads\/2017\/04\/2017-04-09-Erste-Uebung03-1200x675.jpg 1200w\" sizes=\"auto, (max-width: 250px) 100vw, 250px\" \/><\/a>\n\t\t\t<\/div><\/figure><figure class='gallery-item'>\n\t\t\t<div class='gallery-icon landscape'>\n\t\t\t\t<a href='https:\/\/www.ff-kolkwitz.de\/wp-content\/uploads\/2017\/04\/2017-04-09-Erste-Uebung04.jpg' rel=\"lightbox[1399]\"><img loading=\"lazy\" decoding=\"async\" width=\"250\" height=\"141\" src=\"https:\/\/www.ff-kolkwitz.de\/wp-content\/uploads\/2017\/04\/2017-04-09-Erste-Uebung04-250x141.jpg\" class=\"attachment-thumbnail size-thumbnail\" alt=\"\" aria-describedby=\"gallery-1-1392\" srcset=\"https:\/\/www.ff-kolkwitz.de\/wp-content\/uploads\/2017\/04\/2017-04-09-Erste-Uebung04-250x141.jpg 250w, https:\/\/www.ff-kolkwitz.de\/wp-content\/uploads\/2017\/04\/2017-04-09-Erste-Uebung04-850x478.jpg 850w, https:\/\/www.ff-kolkwitz.de\/wp-content\/uploads\/2017\/04\/2017-04-09-Erste-Uebung04-768x432.jpg 768w, https:\/\/www.ff-kolkwitz.de\/wp-content\/uploads\/2017\/04\/2017-04-09-Erste-Uebung04-1200x675.jpg 1200w\" sizes=\"auto, (max-width: 250px) 100vw, 250px\" \/><\/a>\n\t\t\t<\/div>\n\t\t\t\t<figcaption class='wp-caption-text gallery-caption' id='gallery-1-1392'>\n\t\t\t\tAn Bord des LF ist schon einiges an Licht montiert\n\t\t\t\t<\/figcaption><\/figure><figure class='gallery-item'>\n\t\t\t<div class='gallery-icon landscape'>\n\t\t\t\t<a href='https:\/\/www.ff-kolkwitz.de\/wp-content\/uploads\/2017\/04\/2017-04-09-Erste-Uebung02.jpg' rel=\"lightbox[1399]\"><img loading=\"lazy\" decoding=\"async\" width=\"250\" height=\"141\" src=\"https:\/\/www.ff-kolkwitz.de\/wp-content\/uploads\/2017\/04\/2017-04-09-Erste-Uebung02-250x141.jpg\" class=\"attachment-thumbnail size-thumbnail\" alt=\"\" aria-describedby=\"gallery-1-1390\" srcset=\"https:\/\/www.ff-kolkwitz.de\/wp-content\/uploads\/2017\/04\/2017-04-09-Erste-Uebung02-250x141.jpg 250w, https:\/\/www.ff-kolkwitz.de\/wp-content\/uploads\/2017\/04\/2017-04-09-Erste-Uebung02-850x478.jpg 850w, https:\/\/www.ff-kolkwitz.de\/wp-content\/uploads\/2017\/04\/2017-04-09-Erste-Uebung02-768x432.jpg 768w, https:\/\/www.ff-kolkwitz.de\/wp-content\/uploads\/2017\/04\/2017-04-09-Erste-Uebung02-1200x675.jpg 1200w\" sizes=\"auto, (max-width: 250px) 100vw, 250px\" \/><\/a>\n\t\t\t<\/div>\n\t\t\t\t<figcaption class='wp-caption-text gallery-caption' id='gallery-1-1390'>\n\t\t\t\tNoch liegt  eine Seite des TLF im Dunkeln. \n\t\t\t\t<\/figcaption><\/figure><figure class='gallery-item'>\n\t\t\t<div class='gallery-icon portrait'>\n\t\t\t\t<a href='https:\/\/www.ff-kolkwitz.de\/wp-content\/uploads\/2017\/04\/2017-04-09-Erste-Uebung06.jpg' rel=\"lightbox[1399]\"><img loading=\"lazy\" decoding=\"async\" width=\"250\" height=\"141\" src=\"https:\/\/www.ff-kolkwitz.de\/wp-content\/uploads\/2017\/04\/2017-04-09-Erste-Uebung06-250x141.jpg\" class=\"attachment-thumbnail size-thumbnail\" alt=\"\" aria-describedby=\"gallery-1-1394\" srcset=\"https:\/\/www.ff-kolkwitz.de\/wp-content\/uploads\/2017\/04\/2017-04-09-Erste-Uebung06-250x141.jpg 250w, https:\/\/www.ff-kolkwitz.de\/wp-content\/uploads\/2017\/04\/2017-04-09-Erste-Uebung06-850x478.jpg 850w, https:\/\/www.ff-kolkwitz.de\/wp-content\/uploads\/2017\/04\/2017-04-09-Erste-Uebung06-1200x675.jpg 1200w\" sizes=\"auto, (max-width: 250px) 100vw, 250px\" \/><\/a>\n\t\t\t<\/div>\n\t\t\t\t<figcaption class='wp-caption-text gallery-caption' id='gallery-1-1394'>\n\t\t\t\tDas Stativ mit den Leuchten wird gegen umfallen gesichert\n\t\t\t\t<\/figcaption><\/figure><figure class='gallery-item'>\n\t\t\t<div class='gallery-icon portrait'>\n\t\t\t\t<a href='https:\/\/www.ff-kolkwitz.de\/wp-content\/uploads\/2017\/04\/2017-04-09-Erste-Uebung05.jpg' rel=\"lightbox[1399]\"><img loading=\"lazy\" decoding=\"async\" width=\"250\" height=\"141\" src=\"https:\/\/www.ff-kolkwitz.de\/wp-content\/uploads\/2017\/04\/2017-04-09-Erste-Uebung05-250x141.jpg\" class=\"attachment-thumbnail size-thumbnail\" alt=\"\" srcset=\"https:\/\/www.ff-kolkwitz.de\/wp-content\/uploads\/2017\/04\/2017-04-09-Erste-Uebung05-250x141.jpg 250w, https:\/\/www.ff-kolkwitz.de\/wp-content\/uploads\/2017\/04\/2017-04-09-Erste-Uebung05-850x478.jpg 850w, https:\/\/www.ff-kolkwitz.de\/wp-content\/uploads\/2017\/04\/2017-04-09-Erste-Uebung05-1200x675.jpg 1200w\" sizes=\"auto, (max-width: 250px) 100vw, 250px\" \/><\/a>\n\t\t\t<\/div><\/figure><figure class='gallery-item'>\n\t\t\t<div class='gallery-icon portrait'>\n\t\t\t\t<a href='https:\/\/www.ff-kolkwitz.de\/wp-content\/uploads\/2017\/04\/2017-04-09-Erste-Uebung07.jpg' rel=\"lightbox[1399]\"><img loading=\"lazy\" decoding=\"async\" width=\"250\" height=\"141\" src=\"https:\/\/www.ff-kolkwitz.de\/wp-content\/uploads\/2017\/04\/2017-04-09-Erste-Uebung07-250x141.jpg\" class=\"attachment-thumbnail size-thumbnail\" alt=\"\" aria-describedby=\"gallery-1-1395\" srcset=\"https:\/\/www.ff-kolkwitz.de\/wp-content\/uploads\/2017\/04\/2017-04-09-Erste-Uebung07-250x141.jpg 250w, https:\/\/www.ff-kolkwitz.de\/wp-content\/uploads\/2017\/04\/2017-04-09-Erste-Uebung07-850x478.jpg 850w, https:\/\/www.ff-kolkwitz.de\/wp-content\/uploads\/2017\/04\/2017-04-09-Erste-Uebung07-1200x675.jpg 1200w\" sizes=\"auto, (max-width: 250px) 100vw, 250px\" \/><\/a>\n\t\t\t<\/div>\n\t\t\t\t<figcaption class='wp-caption-text gallery-caption' id='gallery-1-1395'>\n\t\t\t\tUnd leuchtet\n\t\t\t\t<\/figcaption><\/figure><figure class='gallery-item'>\n\t\t\t<div class='gallery-icon landscape'>\n\t\t\t\t<a href='https:\/\/www.ff-kolkwitz.de\/wp-content\/uploads\/2017\/04\/2017-04-09-Erste-Uebung08.jpg' rel=\"lightbox[1399]\"><img loading=\"lazy\" decoding=\"async\" width=\"250\" height=\"141\" src=\"https:\/\/www.ff-kolkwitz.de\/wp-content\/uploads\/2017\/04\/2017-04-09-Erste-Uebung08-250x141.jpg\" class=\"attachment-thumbnail size-thumbnail\" alt=\"\" aria-describedby=\"gallery-1-1396\" srcset=\"https:\/\/www.ff-kolkwitz.de\/wp-content\/uploads\/2017\/04\/2017-04-09-Erste-Uebung08-250x141.jpg 250w, https:\/\/www.ff-kolkwitz.de\/wp-content\/uploads\/2017\/04\/2017-04-09-Erste-Uebung08-850x478.jpg 850w, https:\/\/www.ff-kolkwitz.de\/wp-content\/uploads\/2017\/04\/2017-04-09-Erste-Uebung08-768x432.jpg 768w, https:\/\/www.ff-kolkwitz.de\/wp-content\/uploads\/2017\/04\/2017-04-09-Erste-Uebung08-1200x675.jpg 1200w\" sizes=\"auto, (max-width: 250px) 100vw, 250px\" \/><\/a>\n\t\t\t<\/div>\n\t\t\t\t<figcaption class='wp-caption-text gallery-caption' id='gallery-1-1396'>\n\t\t\t\tDie Gruppe \u00fcberzeugt sich davon, dass das TLF schattenfrei ausgeleuchtet ist. Das erm\u00f6glicht ein unfallfreies Arbeiten an der Einsatzstelle\n\t\t\t\t<\/figcaption><\/figure>\n\t\t<\/div>\n\n","protected":false},"excerpt":{"rendered":"<p>Nachdem wir uns den Winter \u00fcber mit Schulungen geistig fit gehalten haben, ging es jetzt [&hellip;]<\/p>\n","protected":false},"author":1,"featured_media":0,"comment_status":"open","ping_status":"open","sticky":false,"template":"","format":"standard","meta":{"footnotes":""},"categories":[1],"tags":[],"class_list":["post-1399","post","type-post","status-publish","format-standard","hentry","category-allgemein"],"_links":{"self":[{"href":"https:\/\/www.ff-kolkwitz.de\/index.php?rest_route=\/wp\/v2\/posts\/1399","targetHints":{"allow":["GET"]}}],"collection":[{"href":"https:\/\/www.ff-kolkwitz.de\/index.php?rest_route=\/wp\/v2\/posts"}],"about":[{"href":"https:\/\/www.ff-kolkwitz.de\/index.php?rest_route=\/wp\/v2\/types\/post"}],"author":[{"embeddable":true,"href":"https:\/\/www.ff-kolkwitz.de\/index.php?rest_route=\/wp\/v2\/users\/1"}],"replies":[{"embeddable":true,"href":"https:\/\/www.ff-kolkwitz.de\/index.php?rest_route=%2Fwp%2Fv2%2Fcomments&post=1399"}],"version-history":[{"count":3,"href":"https:\/\/www.ff-kolkwitz.de\/index.php?rest_route=\/wp\/v2\/posts\/1399\/revisions"}],"predecessor-version":[{"id":1404,"href":"https:\/\/www.ff-kolkwitz.de\/index.php?rest_route=\/wp\/v2\/posts\/1399\/revisions\/1404"}],"wp:attachment":[{"href":"https:\/\/www.ff-kolkwitz.de\/index.php?rest_route=%2Fwp%2Fv2%2Fmedia&parent=1399"}],"wp:term":[{"taxonomy":"category","embeddable":true,"href":"https:\/\/www.ff-kolkwitz.de\/index.php?rest_route=%2Fwp%2Fv2%2Fcategories&post=1399"},{"taxonomy":"post_tag","embeddable":true,"href":"https:\/\/www.ff-kolkwitz.de\/index.php?rest_route=%2Fwp%2Fv2%2Ftags&post=1399"}],"curies":[{"name":"wp","href":"https:\/\/api.w.org\/{rel}","templated":true}]}}