{"id":1648,"date":"2017-09-06T19:10:52","date_gmt":"2017-09-06T17:10:52","guid":{"rendered":"http:\/\/www.ff-kolkwitz.de\/?p=1648"},"modified":"2017-09-08T22:36:58","modified_gmt":"2017-09-08T20:36:58","slug":"trauer","status":"publish","type":"post","link":"https:\/\/www.ff-kolkwitz.de\/?p=1648","title":{"rendered":"Trauer"},"content":{"rendered":"<p><a href=\"https:\/\/www.ff-kolkwitz.de\/wp-content\/uploads\/2017\/09\/Trauerflor.jpg\" rel=\"lightbox[1648]\"><img loading=\"lazy\" decoding=\"async\" class=\"aligncenter size-large wp-image-1649\" src=\"https:\/\/www.ff-kolkwitz.de\/wp-content\/uploads\/2017\/09\/Trauerflor-1200x675.jpg\" alt=\"\" width=\"830\" height=\"467\" srcset=\"https:\/\/www.ff-kolkwitz.de\/wp-content\/uploads\/2017\/09\/Trauerflor-1200x675.jpg 1200w, https:\/\/www.ff-kolkwitz.de\/wp-content\/uploads\/2017\/09\/Trauerflor-250x141.jpg 250w, https:\/\/www.ff-kolkwitz.de\/wp-content\/uploads\/2017\/09\/Trauerflor-850x478.jpg 850w\" sizes=\"auto, (max-width: 830px) 100vw, 830px\" \/><\/a><\/p>\n<p>Die Sirene geht &#8211; oft mitten in der Nacht &#8211; und die meisten von uns lassen mindestens einen geliebten Menschen zu Hause zur\u00fcck: &#8220;Ist ein Routine-Einsatz, k\u00f6nnte aber l\u00e4nger dauern, schlaf weiter.&#8221; Wie oft haben wir das dem anderen gesagt, wie oft bekommen wir zu h\u00f6ren, dass der\/die andere doch nicht schlafen konnte, weil doch immer der Gedanke im Kopf nagte, ob der Partner\/die Partnerin wirklich gesund von der Einsatzstelle wiederkommen w\u00fcrde.<\/p>\n<p>Und wie oft vergessen wir, dass wir auch nicht unverwundbar sind, nur weil wir Schutzkleidung und Helme tragen. In dieser Woche ist uns das schmerzlich bewusst gemacht worden: 2 Feuerwehrm\u00e4nner fuhren auf die A2, um anderen zu helfen und sind am Ende selbst zum Opfer geworden.<\/p>\n<p>Wir k\u00f6nnen uns kaum vorstellen, was in den K\u00f6pfen der Angeh\u00f6rigen und den Kameradinnen und Kameraden vorgehen mag. In Gedanken sind wir bei ihnen und w\u00fcnschen ihnen viel Kraft in dieser schwierigen Zeit.<\/p>\n<p>Wir sind nat\u00fcrlich dem Aufruf des Deutschen Feuerwehrverbandes gefolgt und haben unsere Einsatzfahrzeuge mit einem Trauerflor versehen.<\/p>\n","protected":false},"excerpt":{"rendered":"<p>Die Sirene geht &#8211; oft mitten in der Nacht &#8211; und die meisten von uns [&hellip;]<\/p>\n","protected":false},"author":1,"featured_media":0,"comment_status":"open","ping_status":"open","sticky":false,"template":"","format":"standard","meta":{"footnotes":""},"categories":[1,19],"tags":[177,178,179,180],"class_list":["post-1648","post","type-post","status-publish","format-standard","hentry","category-allgemein","category-neues","tag-a2","tag-kloster-chorin","tag-todesfall","tag-unglueck"],"_links":{"self":[{"href":"https:\/\/www.ff-kolkwitz.de\/index.php?rest_route=\/wp\/v2\/posts\/1648","targetHints":{"allow":["GET"]}}],"collection":[{"href":"https:\/\/www.ff-kolkwitz.de\/index.php?rest_route=\/wp\/v2\/posts"}],"about":[{"href":"https:\/\/www.ff-kolkwitz.de\/index.php?rest_route=\/wp\/v2\/types\/post"}],"author":[{"embeddable":true,"href":"https:\/\/www.ff-kolkwitz.de\/index.php?rest_route=\/wp\/v2\/users\/1"}],"replies":[{"embeddable":true,"href":"https:\/\/www.ff-kolkwitz.de\/index.php?rest_route=%2Fwp%2Fv2%2Fcomments&post=1648"}],"version-history":[{"count":1,"href":"https:\/\/www.ff-kolkwitz.de\/index.php?rest_route=\/wp\/v2\/posts\/1648\/revisions"}],"predecessor-version":[{"id":1650,"href":"https:\/\/www.ff-kolkwitz.de\/index.php?rest_route=\/wp\/v2\/posts\/1648\/revisions\/1650"}],"wp:attachment":[{"href":"https:\/\/www.ff-kolkwitz.de\/index.php?rest_route=%2Fwp%2Fv2%2Fmedia&parent=1648"}],"wp:term":[{"taxonomy":"category","embeddable":true,"href":"https:\/\/www.ff-kolkwitz.de\/index.php?rest_route=%2Fwp%2Fv2%2Fcategories&post=1648"},{"taxonomy":"post_tag","embeddable":true,"href":"https:\/\/www.ff-kolkwitz.de\/index.php?rest_route=%2Fwp%2Fv2%2Ftags&post=1648"}],"curies":[{"name":"wp","href":"https:\/\/api.w.org\/{rel}","templated":true}]}}