{"id":1654,"date":"2017-09-21T19:20:27","date_gmt":"2017-09-21T17:20:27","guid":{"rendered":"http:\/\/www.ff-kolkwitz.de\/?p=1654"},"modified":"2017-09-21T19:20:27","modified_gmt":"2017-09-21T17:20:27","slug":"feuerwehr-fragt-kandidaten-antworten","status":"publish","type":"post","link":"https:\/\/www.ff-kolkwitz.de\/?p=1654","title":{"rendered":"Feuerwehr fragt &#8211; Kandidaten antworten"},"content":{"rendered":"<p><a href=\"https:\/\/www.ff-kolkwitz.de\/wp-content\/uploads\/2017\/09\/Kandidatencheck01.jpg\" rel=\"lightbox[1654]\"><img loading=\"lazy\" decoding=\"async\" class=\"aligncenter size-large wp-image-1655\" src=\"https:\/\/www.ff-kolkwitz.de\/wp-content\/uploads\/2017\/09\/Kandidatencheck01-1200x675.jpg\" alt=\"\" width=\"830\" height=\"467\" srcset=\"https:\/\/www.ff-kolkwitz.de\/wp-content\/uploads\/2017\/09\/Kandidatencheck01-1200x675.jpg 1200w, https:\/\/www.ff-kolkwitz.de\/wp-content\/uploads\/2017\/09\/Kandidatencheck01-250x141.jpg 250w, https:\/\/www.ff-kolkwitz.de\/wp-content\/uploads\/2017\/09\/Kandidatencheck01-850x478.jpg 850w\" sizes=\"auto, (max-width: 830px) 100vw, 830px\" \/><\/a><\/p>\n<p>Vier Tage vor der B\u00fcrgermeisterwahl in Kolkwitz haben die beiden Kandidaten die Gelegenheit genutzt, sich im Rahmen der Ortswehrf\u00fchrersitzung den Feuerwehrleuten der Gemeide vorzustellen.<\/p>\n<p>Karsten Schreiber (SPD) und Torsten Schwieg (CDU) stellten sich knapp 2 Stunden lang den Fragen der Kameradinnen und Kameraden und nutzen im Anschlu\u00df die Gelegenheit f\u00fcr Gespr\u00e4che in kleineren Runden.<\/p>\n<p>Beide Kandidaten machten klar, wie wichtig eine technisch und personell gut aufgestellte Feuerwehr f\u00fcr die Gro\u00dfgemeinde ist. Schwerpunkte waren die Sicherung der Tagesbereitschaft, die Aufwandsentsch\u00e4digung f\u00fcr Feuerwehrleute und die technische Ausstattung der Wehren.<\/p>\n<p>Am Ende hatten beide Kandidaten noch einmal die Gelegenheit, ihre Vision f\u00fcr ein Kolkwitz 2026 (am Ende ihrer Amtszeit) abzugeben. Und beide versprachen, im Fall ihrer Wahl sich in sp\u00e4testens 2 Jahren wieder den kritischen Fragen der Kolkwitzer Feuerwehr zu stellen.<\/p>\n<p>Gemeindewehrf\u00fchrer J\u00fcrgen Rehnus erinnerte sie zum Abschlu\u00df noch einmal an dieses Versprechen: &#8220;Wir w\u00fcnschen uns, dass all das passieren wird, was heute hier besprochen wurde.&#8221;<\/p>\n<div id='gallery-1' class='gallery galleryid-1654 gallery-columns-3 gallery-size-thumbnail'><figure class='gallery-item'>\n\t\t\t<div class='gallery-icon landscape'>\n\t\t\t\t<a href='https:\/\/www.ff-kolkwitz.de\/?attachment_id=1657#main'><img loading=\"lazy\" decoding=\"async\" width=\"250\" height=\"141\" src=\"https:\/\/www.ff-kolkwitz.de\/wp-content\/uploads\/2017\/09\/Kandidatencheck03-250x141.jpg\" class=\"attachment-thumbnail size-thumbnail\" alt=\"\" srcset=\"https:\/\/www.ff-kolkwitz.de\/wp-content\/uploads\/2017\/09\/Kandidatencheck03-250x141.jpg 250w, https:\/\/www.ff-kolkwitz.de\/wp-content\/uploads\/2017\/09\/Kandidatencheck03-850x478.jpg 850w, https:\/\/www.ff-kolkwitz.de\/wp-content\/uploads\/2017\/09\/Kandidatencheck03-1200x675.jpg 1200w\" sizes=\"auto, (max-width: 250px) 100vw, 250px\" \/><\/a>\n\t\t\t<\/div><\/figure><figure class='gallery-item'>\n\t\t\t<div class='gallery-icon landscape'>\n\t\t\t\t<a href='https:\/\/www.ff-kolkwitz.de\/?attachment_id=1656#main'><img loading=\"lazy\" decoding=\"async\" width=\"250\" height=\"141\" src=\"https:\/\/www.ff-kolkwitz.de\/wp-content\/uploads\/2017\/09\/Kandidatencheck02-250x141.jpg\" class=\"attachment-thumbnail size-thumbnail\" alt=\"\" srcset=\"https:\/\/www.ff-kolkwitz.de\/wp-content\/uploads\/2017\/09\/Kandidatencheck02-250x141.jpg 250w, https:\/\/www.ff-kolkwitz.de\/wp-content\/uploads\/2017\/09\/Kandidatencheck02-850x478.jpg 850w, https:\/\/www.ff-kolkwitz.de\/wp-content\/uploads\/2017\/09\/Kandidatencheck02-1200x675.jpg 1200w\" sizes=\"auto, (max-width: 250px) 100vw, 250px\" \/><\/a>\n\t\t\t<\/div><\/figure><figure class='gallery-item'>\n\t\t\t<div class='gallery-icon landscape'>\n\t\t\t\t<a href='https:\/\/www.ff-kolkwitz.de\/?attachment_id=1655#main'><img loading=\"lazy\" decoding=\"async\" width=\"250\" height=\"141\" src=\"https:\/\/www.ff-kolkwitz.de\/wp-content\/uploads\/2017\/09\/Kandidatencheck01-250x141.jpg\" class=\"attachment-thumbnail size-thumbnail\" alt=\"\" srcset=\"https:\/\/www.ff-kolkwitz.de\/wp-content\/uploads\/2017\/09\/Kandidatencheck01-250x141.jpg 250w, https:\/\/www.ff-kolkwitz.de\/wp-content\/uploads\/2017\/09\/Kandidatencheck01-850x478.jpg 850w, https:\/\/www.ff-kolkwitz.de\/wp-content\/uploads\/2017\/09\/Kandidatencheck01-1200x675.jpg 1200w\" sizes=\"auto, (max-width: 250px) 100vw, 250px\" \/><\/a>\n\t\t\t<\/div><\/figure>\n\t\t<\/div>\n\n","protected":false},"excerpt":{"rendered":"<p>Vier Tage vor der B\u00fcrgermeisterwahl in Kolkwitz haben die beiden Kandidaten die Gelegenheit genutzt, sich [&hellip;]<\/p>\n","protected":false},"author":1,"featured_media":0,"comment_status":"open","ping_status":"open","sticky":false,"template":"","format":"standard","meta":{"footnotes":""},"categories":[17],"tags":[],"class_list":["post-1654","post","type-post","status-publish","format-standard","hentry","category-kokwitz"],"_links":{"self":[{"href":"https:\/\/www.ff-kolkwitz.de\/index.php?rest_route=\/wp\/v2\/posts\/1654","targetHints":{"allow":["GET"]}}],"collection":[{"href":"https:\/\/www.ff-kolkwitz.de\/index.php?rest_route=\/wp\/v2\/posts"}],"about":[{"href":"https:\/\/www.ff-kolkwitz.de\/index.php?rest_route=\/wp\/v2\/types\/post"}],"author":[{"embeddable":true,"href":"https:\/\/www.ff-kolkwitz.de\/index.php?rest_route=\/wp\/v2\/users\/1"}],"replies":[{"embeddable":true,"href":"https:\/\/www.ff-kolkwitz.de\/index.php?rest_route=%2Fwp%2Fv2%2Fcomments&post=1654"}],"version-history":[{"count":1,"href":"https:\/\/www.ff-kolkwitz.de\/index.php?rest_route=\/wp\/v2\/posts\/1654\/revisions"}],"predecessor-version":[{"id":1658,"href":"https:\/\/www.ff-kolkwitz.de\/index.php?rest_route=\/wp\/v2\/posts\/1654\/revisions\/1658"}],"wp:attachment":[{"href":"https:\/\/www.ff-kolkwitz.de\/index.php?rest_route=%2Fwp%2Fv2%2Fmedia&parent=1654"}],"wp:term":[{"taxonomy":"category","embeddable":true,"href":"https:\/\/www.ff-kolkwitz.de\/index.php?rest_route=%2Fwp%2Fv2%2Fcategories&post=1654"},{"taxonomy":"post_tag","embeddable":true,"href":"https:\/\/www.ff-kolkwitz.de\/index.php?rest_route=%2Fwp%2Fv2%2Ftags&post=1654"}],"curies":[{"name":"wp","href":"https:\/\/api.w.org\/{rel}","templated":true}]}}