{"id":1664,"date":"2017-10-05T19:50:45","date_gmt":"2017-10-05T17:50:45","guid":{"rendered":"http:\/\/www.ff-kolkwitz.de\/?p=1664"},"modified":"2017-10-05T20:03:28","modified_gmt":"2017-10-05T18:03:28","slug":"sturmtief-xavier","status":"publish","type":"post","link":"https:\/\/www.ff-kolkwitz.de\/?p=1664","title":{"rendered":"Sturmtief Xavier"},"content":{"rendered":"<p>Das Gemeindegebiet Kolkwitz ist von Sturmtief &#8220;Xavier&#8221; nicht verschont geblieben. Zahlreiche umgest\u00fcrzte B\u00e4ume besch\u00e4ftigen momentan beinahe alle Ortswehren der Gemeinde. Koordiniert werden sie vom Einsatzleitwagen, der im Ger\u00e4tehaus Kolkwitz Station bezogen hat.<\/p>\n<p><a href=\"https:\/\/www.ff-kolkwitz.de\/wp-content\/uploads\/2017\/10\/Xavier_ELW.jpg\" rel=\"lightbox[1664]\"><img loading=\"lazy\" decoding=\"async\" class=\"aligncenter size-large wp-image-1665\" src=\"https:\/\/www.ff-kolkwitz.de\/wp-content\/uploads\/2017\/10\/Xavier_ELW-1200x675.jpg\" alt=\"\" width=\"830\" height=\"467\" srcset=\"https:\/\/www.ff-kolkwitz.de\/wp-content\/uploads\/2017\/10\/Xavier_ELW-1200x675.jpg 1200w, https:\/\/www.ff-kolkwitz.de\/wp-content\/uploads\/2017\/10\/Xavier_ELW-250x141.jpg 250w, https:\/\/www.ff-kolkwitz.de\/wp-content\/uploads\/2017\/10\/Xavier_ELW-850x478.jpg 850w, https:\/\/www.ff-kolkwitz.de\/wp-content\/uploads\/2017\/10\/Xavier_ELW-768x432.jpg 768w, https:\/\/www.ff-kolkwitz.de\/wp-content\/uploads\/2017\/10\/Xavier_ELW.jpg 2048w\" sizes=\"auto, (max-width: 830px) 100vw, 830px\" \/><\/a><\/p>\n<p><strong>Beachten Sie in dem Zusammenhang bitte einige Hinweise:<\/strong><\/p>\n<p>S\u00e4mtliche Eins\u00e4tze werden nach Priorit\u00e4t geordnet und in absteigender Dringlichkeit abgearbeitet.<\/p>\n<ul>\n<li>Oberste Priorit\u00e4t haben Gefahren f\u00fcr Leib und Leben<\/li>\n<li>Bei den B\u00e4umen konzentrieren wir uns darauf, \u00f6ffentliche Stra\u00dfen, Wege und Versorgungsleitungen freizuschneiden. Also alles, was eine Gefahr darstellen k\u00f6nnte.<\/li>\n<li>So dramatisch es f\u00fcr Grundst\u00fccksbesitzer sein mag (und wir k\u00f6nnen das sehr gut nachvollziehen): Umgest\u00fcrzte B\u00e4ume auf Privatgrundst\u00fccken fallen <strong>nicht<\/strong> in die Zust\u00e4ndigkeit der Feuerwehr. Es sei denn, es droht eine unmittelbare Gefahr.<\/li>\n<li>Sollten Sie heute oder morgen auf der Fahrt ein Hindernis bemerken, sind wir Ihnen nicht b\u00f6se, wenn Sie zun\u00e4chst einmal schauen, ob Sie es selbst von der Fahrbahn gezogen bekommen (nat\u00fcrlich, ohne sich in Gefahr zu bringen). Sollte es etwas Gr\u00f6\u00dferes sein kommen wir nat\u00fcrlich gerne zu Hilfe<\/li>\n<\/ul>\n<p>Wir w\u00fcnschen Ihnen trotz Allem eine ruhige Nacht ohne b\u00f6ses Erwachen am Morgen und unseren Einsatzkr\u00e4ften, dass sie gesund und sicher ins Ger\u00e4tehaus zur\u00fcckkehren!<\/p>\n","protected":false},"excerpt":{"rendered":"<p>Das Gemeindegebiet Kolkwitz ist von Sturmtief &#8220;Xavier&#8221; nicht verschont geblieben. Zahlreiche umgest\u00fcrzte B\u00e4ume besch\u00e4ftigen momentan [&hellip;]<\/p>\n","protected":false},"author":1,"featured_media":0,"comment_status":"open","ping_status":"open","sticky":false,"template":"","format":"standard","meta":{"footnotes":""},"categories":[17,19],"tags":[],"class_list":["post-1664","post","type-post","status-publish","format-standard","hentry","category-kokwitz","category-neues"],"_links":{"self":[{"href":"https:\/\/www.ff-kolkwitz.de\/index.php?rest_route=\/wp\/v2\/posts\/1664","targetHints":{"allow":["GET"]}}],"collection":[{"href":"https:\/\/www.ff-kolkwitz.de\/index.php?rest_route=\/wp\/v2\/posts"}],"about":[{"href":"https:\/\/www.ff-kolkwitz.de\/index.php?rest_route=\/wp\/v2\/types\/post"}],"author":[{"embeddable":true,"href":"https:\/\/www.ff-kolkwitz.de\/index.php?rest_route=\/wp\/v2\/users\/1"}],"replies":[{"embeddable":true,"href":"https:\/\/www.ff-kolkwitz.de\/index.php?rest_route=%2Fwp%2Fv2%2Fcomments&post=1664"}],"version-history":[{"count":3,"href":"https:\/\/www.ff-kolkwitz.de\/index.php?rest_route=\/wp\/v2\/posts\/1664\/revisions"}],"predecessor-version":[{"id":1669,"href":"https:\/\/www.ff-kolkwitz.de\/index.php?rest_route=\/wp\/v2\/posts\/1664\/revisions\/1669"}],"wp:attachment":[{"href":"https:\/\/www.ff-kolkwitz.de\/index.php?rest_route=%2Fwp%2Fv2%2Fmedia&parent=1664"}],"wp:term":[{"taxonomy":"category","embeddable":true,"href":"https:\/\/www.ff-kolkwitz.de\/index.php?rest_route=%2Fwp%2Fv2%2Fcategories&post=1664"},{"taxonomy":"post_tag","embeddable":true,"href":"https:\/\/www.ff-kolkwitz.de\/index.php?rest_route=%2Fwp%2Fv2%2Ftags&post=1664"}],"curies":[{"name":"wp","href":"https:\/\/api.w.org\/{rel}","templated":true}]}}