{"id":1745,"date":"2017-10-22T19:34:19","date_gmt":"2017-10-22T17:34:19","guid":{"rendered":"http:\/\/www.ff-kolkwitz.de\/?p=1745"},"modified":"2017-10-22T19:36:58","modified_gmt":"2017-10-22T17:36:58","slug":"ein-wochenende-wie-ein-berufsfeuerwehrmann","status":"publish","type":"post","link":"https:\/\/www.ff-kolkwitz.de\/?p=1745","title":{"rendered":"Ein Wochenende wie ein Berufsfeuerwehrmann"},"content":{"rendered":"<p>Auf dieses Oktoberwochende haben die Jungs und M\u00e4dchen der Kolkwitzer Jugendfeuerwehr hingefiebert: Von Freitag bis Sonntag (20.-22.10.) geh\u00f6rten das Ger\u00e4tehaus und alle Fahrzeuge ausschlie\u00dflich ihnen. Beim Ausbildungsjugendlager konnten sie beweisen, was sie das ganze Jahr \u00fcber ge\u00fcbt haben.<\/p>\n<p><a href=\"https:\/\/www.ff-kolkwitz.de\/wp-content\/uploads\/2017\/10\/Jugendlager_009.jpg\" rel=\"lightbox[1745]\"><img loading=\"lazy\" decoding=\"async\" class=\"aligncenter size-large wp-image-1733\" src=\"https:\/\/www.ff-kolkwitz.de\/wp-content\/uploads\/2017\/10\/Jugendlager_009-1200x675.jpg\" alt=\"\" width=\"830\" height=\"467\" srcset=\"https:\/\/www.ff-kolkwitz.de\/wp-content\/uploads\/2017\/10\/Jugendlager_009-1200x675.jpg 1200w, https:\/\/www.ff-kolkwitz.de\/wp-content\/uploads\/2017\/10\/Jugendlager_009-250x141.jpg 250w, https:\/\/www.ff-kolkwitz.de\/wp-content\/uploads\/2017\/10\/Jugendlager_009-850x478.jpg 850w\" sizes=\"auto, (max-width: 830px) 100vw, 830px\" \/><\/a><br \/>\nBeim Antritts-Appell am Freitagabend war den 14 Jungen und M\u00e4dchen noch nicht klar, dass sie nicht viel Zeit hatten, Ihr Feldbetten-Lager im gro\u00dfen Saal einzurichten. Denn schon eine Viertelstunde, nachdem sie die Betten bezogen hatten, ert\u00f6nte das erste Mal der Gong im Schlafraum: \u201eEinsatz f\u00fcr die Jugendfeuerwehr, sammeln vorm Ger\u00e4tehaus!\u201c rief eine Stimme die Truppe zusammen. Der Einsatz war nat\u00fcrlich nur simuliert: Die Betreuer der Ortswehr Kolkwitz hatten sich einiges einfallen lassen, um den Nachwuchs zu fordern: Jetzt ging es zum Beispiel darum, eine vermisste Person auf dem Nachbargrundst\u00fcck zu suchen. Am Sonnabend wurde erstmal rund um das Ger\u00e4tehaus ein\u00a0 Ausbildungsparcours aufgebaut: Fahrzeugkunde, L\u00f6schangriff, Br\u00e4nde l\u00f6schen mit dem Feuerl\u00f6scher waren einige der Punkte.<\/p>\n<p><a href=\"https:\/\/www.ff-kolkwitz.de\/wp-content\/uploads\/2017\/10\/Jugendlager_002.jpg\" rel=\"lightbox[1745]\"><img loading=\"lazy\" decoding=\"async\" class=\"aligncenter size-large wp-image-1726\" src=\"https:\/\/www.ff-kolkwitz.de\/wp-content\/uploads\/2017\/10\/Jugendlager_002-1200x675.jpg\" alt=\"\" width=\"830\" height=\"467\" srcset=\"https:\/\/www.ff-kolkwitz.de\/wp-content\/uploads\/2017\/10\/Jugendlager_002-1200x675.jpg 1200w, https:\/\/www.ff-kolkwitz.de\/wp-content\/uploads\/2017\/10\/Jugendlager_002-250x141.jpg 250w, https:\/\/www.ff-kolkwitz.de\/wp-content\/uploads\/2017\/10\/Jugendlager_002-850x478.jpg 850w\" sizes=\"auto, (max-width: 830px) 100vw, 830px\" \/><\/a><\/p>\n<p>Auch ein fremdes Fahrzeug gab es zu erkunden: Die Ortswehr Krieschow stellte ihr TLF zur Verf\u00fcgung. Sogar das Sprungkissen wurde aufgeblasen, drin landete aus Sicherheitsgr\u00fcnden allerdings nur das Maskottchen der Jugendfeuerwehr. Das Ganze wurde begleitet von einem Kamerateam des rbb. Reporterin Joanna Jambor war ganz beeindruckt, was die Kolkwitzer Jugend so alles drauf hat und lie\u00df sich vom Feuerwehrnachwuchs alles ganz genau erkl\u00e4ren.<\/p>\n<p><a href=\"https:\/\/www.ff-kolkwitz.de\/wp-content\/uploads\/2017\/10\/Jugendlager_001.jpg\" rel=\"lightbox[1745]\"><img loading=\"lazy\" decoding=\"async\" class=\"aligncenter size-large wp-image-1725\" src=\"https:\/\/www.ff-kolkwitz.de\/wp-content\/uploads\/2017\/10\/Jugendlager_001-1200x675.jpg\" alt=\"\" width=\"830\" height=\"467\" srcset=\"https:\/\/www.ff-kolkwitz.de\/wp-content\/uploads\/2017\/10\/Jugendlager_001-1200x675.jpg 1200w, https:\/\/www.ff-kolkwitz.de\/wp-content\/uploads\/2017\/10\/Jugendlager_001-250x141.jpg 250w, https:\/\/www.ff-kolkwitz.de\/wp-content\/uploads\/2017\/10\/Jugendlager_001-850x478.jpg 850w\" sizes=\"auto, (max-width: 830px) 100vw, 830px\" \/><\/a><br \/>\nAm Nachmittag wurde das Gelernte in die Tat umgesetzt: Ein simulierter Waldbrand musste gel\u00f6scht werden, bevor der n\u00e4chste Einsatz kam: Die Firma Auto- und Industrieverwertung Kolkwitz hatte dankenswerterweise ein Schrottauto zur Verf\u00fcgung gestellt, das jetzt von der Jugendfeuerwehr fachm\u00e4nnisch zerlegt wurde, um eine Puppe aus dem Fahrzeug zu schneiden. Wenn gerade kein \u201eEinsatz\u201c war, trugen die Kinder und Jugendlichen Kickerturniere in der Fahrzeughalle aus oder genossen sch\u00f6ne Stunden an Grill und Lagerfeuer. Nat\u00fcrlich durfte auch die traditionelle Nachtwanderung nicht fehlen. Denn, das gab Gemeindewehrf\u00fchrer J\u00fcrgen Rehnus dem Nachwuchs mit auf den Weg, soll ja bei all der Ausbildung der Spa\u00df nicht zu kurz kommen.<\/p>\n<figure id=\"attachment_1732\" aria-describedby=\"caption-attachment-1732\" style=\"width: 830px\" class=\"wp-caption aligncenter\"><a href=\"https:\/\/www.ff-kolkwitz.de\/wp-content\/uploads\/2017\/10\/Jugendlager_008.jpg\" rel=\"lightbox[1745]\"><img loading=\"lazy\" decoding=\"async\" class=\"wp-image-1732 size-large\" src=\"https:\/\/www.ff-kolkwitz.de\/wp-content\/uploads\/2017\/10\/Jugendlager_008-1200x675.jpg\" alt=\"\" width=\"830\" height=\"467\" srcset=\"https:\/\/www.ff-kolkwitz.de\/wp-content\/uploads\/2017\/10\/Jugendlager_008-1200x675.jpg 1200w, https:\/\/www.ff-kolkwitz.de\/wp-content\/uploads\/2017\/10\/Jugendlager_008-250x141.jpg 250w, https:\/\/www.ff-kolkwitz.de\/wp-content\/uploads\/2017\/10\/Jugendlager_008-850x478.jpg 850w\" sizes=\"auto, (max-width: 830px) 100vw, 830px\" \/><\/a><figcaption id=\"caption-attachment-1732\" class=\"wp-caption-text\">Im gro\u00dfen Saal wurde das Lager aufgeschlagen<\/figcaption><\/figure>\n<p>Am Ende zeigten sich Jung und Alt ersch\u00f6pft aber zufrieden. Jugendwart Christian Otte: \u201eEin gro\u00dfes Dankesch\u00f6n an die bis zu 15 Betreuer, die sich teilweise das komplette Wochenende f\u00fcr den Nachwuchs um die Ohren geschlagen haben. Alle \u00dcbungsszenarien wurden hervorragend absolviert und sogar der Zeitplan perfekt eingehalten.\u201c So ein entspanntes Ausbildungsjugendlager hat der Jugendwart noch nicht erlebt, sagt er. Und so konnte er beim Abschlussappell voller Stolz verk\u00fcnden, dass das Ganze<br \/>\nim kommenden Jahr in die f\u00fcnfte Auflage gehen wird. Mal sehen, was sich die Kolkwitzer KameradInnen dann f\u00fcr den Nachwuchs einfallen lassen werden&#8230;.<\/p>\n<div id='gallery-1' class='gallery galleryid-1745 gallery-columns-3 gallery-size-thumbnail'><figure class='gallery-item'>\n\t\t\t<div class='gallery-icon landscape'>\n\t\t\t\t<a href='https:\/\/www.ff-kolkwitz.de\/wp-content\/uploads\/2017\/10\/Jugendlager_009.jpg' rel=\"lightbox[1745]\"><img loading=\"lazy\" decoding=\"async\" width=\"250\" height=\"141\" src=\"https:\/\/www.ff-kolkwitz.de\/wp-content\/uploads\/2017\/10\/Jugendlager_009-250x141.jpg\" class=\"attachment-thumbnail size-thumbnail\" alt=\"\" srcset=\"https:\/\/www.ff-kolkwitz.de\/wp-content\/uploads\/2017\/10\/Jugendlager_009-250x141.jpg 250w, https:\/\/www.ff-kolkwitz.de\/wp-content\/uploads\/2017\/10\/Jugendlager_009-850x478.jpg 850w, https:\/\/www.ff-kolkwitz.de\/wp-content\/uploads\/2017\/10\/Jugendlager_009-1200x675.jpg 1200w\" sizes=\"auto, (max-width: 250px) 100vw, 250px\" \/><\/a>\n\t\t\t<\/div><\/figure><figure class='gallery-item'>\n\t\t\t<div class='gallery-icon landscape'>\n\t\t\t\t<a href='https:\/\/www.ff-kolkwitz.de\/wp-content\/uploads\/2017\/10\/Jugendlager_008.jpg' rel=\"lightbox[1745]\"><img loading=\"lazy\" decoding=\"async\" width=\"250\" height=\"141\" src=\"https:\/\/www.ff-kolkwitz.de\/wp-content\/uploads\/2017\/10\/Jugendlager_008-250x141.jpg\" class=\"attachment-thumbnail size-thumbnail\" alt=\"\" aria-describedby=\"gallery-1-1732\" srcset=\"https:\/\/www.ff-kolkwitz.de\/wp-content\/uploads\/2017\/10\/Jugendlager_008-250x141.jpg 250w, https:\/\/www.ff-kolkwitz.de\/wp-content\/uploads\/2017\/10\/Jugendlager_008-850x478.jpg 850w, https:\/\/www.ff-kolkwitz.de\/wp-content\/uploads\/2017\/10\/Jugendlager_008-1200x675.jpg 1200w\" sizes=\"auto, (max-width: 250px) 100vw, 250px\" \/><\/a>\n\t\t\t<\/div>\n\t\t\t\t<figcaption class='wp-caption-text gallery-caption' id='gallery-1-1732'>\n\t\t\t\tIm gro\u00dfen Saal wurde das Lager aufgeschlagen\n\t\t\t\t<\/figcaption><\/figure><figure class='gallery-item'>\n\t\t\t<div class='gallery-icon landscape'>\n\t\t\t\t<a href='https:\/\/www.ff-kolkwitz.de\/wp-content\/uploads\/2017\/10\/Jugendlager_007.jpg' rel=\"lightbox[1745]\"><img loading=\"lazy\" decoding=\"async\" width=\"250\" height=\"141\" src=\"https:\/\/www.ff-kolkwitz.de\/wp-content\/uploads\/2017\/10\/Jugendlager_007-250x141.jpg\" class=\"attachment-thumbnail size-thumbnail\" alt=\"\" srcset=\"https:\/\/www.ff-kolkwitz.de\/wp-content\/uploads\/2017\/10\/Jugendlager_007-250x141.jpg 250w, https:\/\/www.ff-kolkwitz.de\/wp-content\/uploads\/2017\/10\/Jugendlager_007-850x478.jpg 850w, https:\/\/www.ff-kolkwitz.de\/wp-content\/uploads\/2017\/10\/Jugendlager_007-1200x675.jpg 1200w\" sizes=\"auto, (max-width: 250px) 100vw, 250px\" \/><\/a>\n\t\t\t<\/div><\/figure><figure class='gallery-item'>\n\t\t\t<div class='gallery-icon landscape'>\n\t\t\t\t<a href='https:\/\/www.ff-kolkwitz.de\/wp-content\/uploads\/2017\/10\/Jugendlager_006.jpg' rel=\"lightbox[1745]\"><img loading=\"lazy\" decoding=\"async\" width=\"250\" height=\"141\" src=\"https:\/\/www.ff-kolkwitz.de\/wp-content\/uploads\/2017\/10\/Jugendlager_006-250x141.jpg\" class=\"attachment-thumbnail size-thumbnail\" alt=\"\" srcset=\"https:\/\/www.ff-kolkwitz.de\/wp-content\/uploads\/2017\/10\/Jugendlager_006-250x141.jpg 250w, https:\/\/www.ff-kolkwitz.de\/wp-content\/uploads\/2017\/10\/Jugendlager_006-850x478.jpg 850w, https:\/\/www.ff-kolkwitz.de\/wp-content\/uploads\/2017\/10\/Jugendlager_006-1200x675.jpg 1200w\" sizes=\"auto, (max-width: 250px) 100vw, 250px\" \/><\/a>\n\t\t\t<\/div><\/figure><figure class='gallery-item'>\n\t\t\t<div class='gallery-icon landscape'>\n\t\t\t\t<a href='https:\/\/www.ff-kolkwitz.de\/wp-content\/uploads\/2017\/10\/Jugendlager_005.jpg' rel=\"lightbox[1745]\"><img loading=\"lazy\" decoding=\"async\" width=\"250\" height=\"141\" src=\"https:\/\/www.ff-kolkwitz.de\/wp-content\/uploads\/2017\/10\/Jugendlager_005-250x141.jpg\" class=\"attachment-thumbnail size-thumbnail\" alt=\"\" srcset=\"https:\/\/www.ff-kolkwitz.de\/wp-content\/uploads\/2017\/10\/Jugendlager_005-250x141.jpg 250w, https:\/\/www.ff-kolkwitz.de\/wp-content\/uploads\/2017\/10\/Jugendlager_005-850x478.jpg 850w, https:\/\/www.ff-kolkwitz.de\/wp-content\/uploads\/2017\/10\/Jugendlager_005-1200x675.jpg 1200w\" sizes=\"auto, (max-width: 250px) 100vw, 250px\" \/><\/a>\n\t\t\t<\/div><\/figure><figure class='gallery-item'>\n\t\t\t<div class='gallery-icon landscape'>\n\t\t\t\t<a href='https:\/\/www.ff-kolkwitz.de\/wp-content\/uploads\/2017\/10\/Jugendlager_004.jpg' rel=\"lightbox[1745]\"><img loading=\"lazy\" decoding=\"async\" width=\"250\" height=\"141\" src=\"https:\/\/www.ff-kolkwitz.de\/wp-content\/uploads\/2017\/10\/Jugendlager_004-250x141.jpg\" class=\"attachment-thumbnail size-thumbnail\" alt=\"\" srcset=\"https:\/\/www.ff-kolkwitz.de\/wp-content\/uploads\/2017\/10\/Jugendlager_004-250x141.jpg 250w, https:\/\/www.ff-kolkwitz.de\/wp-content\/uploads\/2017\/10\/Jugendlager_004-850x478.jpg 850w, https:\/\/www.ff-kolkwitz.de\/wp-content\/uploads\/2017\/10\/Jugendlager_004-1200x675.jpg 1200w\" sizes=\"auto, (max-width: 250px) 100vw, 250px\" \/><\/a>\n\t\t\t<\/div><\/figure><figure class='gallery-item'>\n\t\t\t<div class='gallery-icon landscape'>\n\t\t\t\t<a href='https:\/\/www.ff-kolkwitz.de\/wp-content\/uploads\/2017\/10\/Jugendlager_003.jpg' rel=\"lightbox[1745]\"><img loading=\"lazy\" decoding=\"async\" width=\"250\" height=\"141\" src=\"https:\/\/www.ff-kolkwitz.de\/wp-content\/uploads\/2017\/10\/Jugendlager_003-250x141.jpg\" class=\"attachment-thumbnail size-thumbnail\" alt=\"\" srcset=\"https:\/\/www.ff-kolkwitz.de\/wp-content\/uploads\/2017\/10\/Jugendlager_003-250x141.jpg 250w, https:\/\/www.ff-kolkwitz.de\/wp-content\/uploads\/2017\/10\/Jugendlager_003-850x478.jpg 850w, https:\/\/www.ff-kolkwitz.de\/wp-content\/uploads\/2017\/10\/Jugendlager_003-1200x675.jpg 1200w\" sizes=\"auto, (max-width: 250px) 100vw, 250px\" \/><\/a>\n\t\t\t<\/div><\/figure><figure class='gallery-item'>\n\t\t\t<div class='gallery-icon landscape'>\n\t\t\t\t<a href='https:\/\/www.ff-kolkwitz.de\/wp-content\/uploads\/2017\/10\/Jugendlager_002.jpg' rel=\"lightbox[1745]\"><img loading=\"lazy\" decoding=\"async\" width=\"250\" height=\"141\" src=\"https:\/\/www.ff-kolkwitz.de\/wp-content\/uploads\/2017\/10\/Jugendlager_002-250x141.jpg\" class=\"attachment-thumbnail size-thumbnail\" alt=\"\" srcset=\"https:\/\/www.ff-kolkwitz.de\/wp-content\/uploads\/2017\/10\/Jugendlager_002-250x141.jpg 250w, https:\/\/www.ff-kolkwitz.de\/wp-content\/uploads\/2017\/10\/Jugendlager_002-850x478.jpg 850w, https:\/\/www.ff-kolkwitz.de\/wp-content\/uploads\/2017\/10\/Jugendlager_002-1200x675.jpg 1200w\" sizes=\"auto, (max-width: 250px) 100vw, 250px\" \/><\/a>\n\t\t\t<\/div><\/figure><figure class='gallery-item'>\n\t\t\t<div class='gallery-icon landscape'>\n\t\t\t\t<a href='https:\/\/www.ff-kolkwitz.de\/wp-content\/uploads\/2017\/10\/Jugendlager_001.jpg' rel=\"lightbox[1745]\"><img loading=\"lazy\" decoding=\"async\" width=\"250\" height=\"141\" src=\"https:\/\/www.ff-kolkwitz.de\/wp-content\/uploads\/2017\/10\/Jugendlager_001-250x141.jpg\" class=\"attachment-thumbnail size-thumbnail\" alt=\"\" srcset=\"https:\/\/www.ff-kolkwitz.de\/wp-content\/uploads\/2017\/10\/Jugendlager_001-250x141.jpg 250w, https:\/\/www.ff-kolkwitz.de\/wp-content\/uploads\/2017\/10\/Jugendlager_001-850x478.jpg 850w, https:\/\/www.ff-kolkwitz.de\/wp-content\/uploads\/2017\/10\/Jugendlager_001-1200x675.jpg 1200w\" sizes=\"auto, (max-width: 250px) 100vw, 250px\" \/><\/a>\n\t\t\t<\/div><\/figure><figure class='gallery-item'>\n\t\t\t<div class='gallery-icon landscape'>\n\t\t\t\t<a href='https:\/\/www.ff-kolkwitz.de\/wp-content\/uploads\/2017\/10\/Jugendlager_000.jpg' rel=\"lightbox[1745]\"><img loading=\"lazy\" decoding=\"async\" width=\"250\" height=\"141\" src=\"https:\/\/www.ff-kolkwitz.de\/wp-content\/uploads\/2017\/10\/Jugendlager_000-250x141.jpg\" class=\"attachment-thumbnail size-thumbnail\" alt=\"\" srcset=\"https:\/\/www.ff-kolkwitz.de\/wp-content\/uploads\/2017\/10\/Jugendlager_000-250x141.jpg 250w, https:\/\/www.ff-kolkwitz.de\/wp-content\/uploads\/2017\/10\/Jugendlager_000-850x478.jpg 850w, https:\/\/www.ff-kolkwitz.de\/wp-content\/uploads\/2017\/10\/Jugendlager_000-1200x675.jpg 1200w\" sizes=\"auto, (max-width: 250px) 100vw, 250px\" \/><\/a>\n\t\t\t<\/div><\/figure>\n\t\t<\/div>\n\n","protected":false},"excerpt":{"rendered":"<p>Auf dieses Oktoberwochende haben die Jungs und M\u00e4dchen der Kolkwitzer Jugendfeuerwehr hingefiebert: Von Freitag bis [&hellip;]<\/p>\n","protected":false},"author":1,"featured_media":0,"comment_status":"open","ping_status":"open","sticky":false,"template":"","format":"standard","meta":{"footnotes":""},"categories":[1,18],"tags":[],"class_list":["post-1745","post","type-post","status-publish","format-standard","hentry","category-allgemein","category-jugendfeuerwehr"],"_links":{"self":[{"href":"https:\/\/www.ff-kolkwitz.de\/index.php?rest_route=\/wp\/v2\/posts\/1745","targetHints":{"allow":["GET"]}}],"collection":[{"href":"https:\/\/www.ff-kolkwitz.de\/index.php?rest_route=\/wp\/v2\/posts"}],"about":[{"href":"https:\/\/www.ff-kolkwitz.de\/index.php?rest_route=\/wp\/v2\/types\/post"}],"author":[{"embeddable":true,"href":"https:\/\/www.ff-kolkwitz.de\/index.php?rest_route=\/wp\/v2\/users\/1"}],"replies":[{"embeddable":true,"href":"https:\/\/www.ff-kolkwitz.de\/index.php?rest_route=%2Fwp%2Fv2%2Fcomments&post=1745"}],"version-history":[{"count":4,"href":"https:\/\/www.ff-kolkwitz.de\/index.php?rest_route=\/wp\/v2\/posts\/1745\/revisions"}],"predecessor-version":[{"id":1749,"href":"https:\/\/www.ff-kolkwitz.de\/index.php?rest_route=\/wp\/v2\/posts\/1745\/revisions\/1749"}],"wp:attachment":[{"href":"https:\/\/www.ff-kolkwitz.de\/index.php?rest_route=%2Fwp%2Fv2%2Fmedia&parent=1745"}],"wp:term":[{"taxonomy":"category","embeddable":true,"href":"https:\/\/www.ff-kolkwitz.de\/index.php?rest_route=%2Fwp%2Fv2%2Fcategories&post=1745"},{"taxonomy":"post_tag","embeddable":true,"href":"https:\/\/www.ff-kolkwitz.de\/index.php?rest_route=%2Fwp%2Fv2%2Ftags&post=1745"}],"curies":[{"name":"wp","href":"https:\/\/api.w.org\/{rel}","templated":true}]}}