{"id":1823,"date":"2018-01-26T21:29:05","date_gmt":"2018-01-26T19:29:05","guid":{"rendered":"http:\/\/www.ff-kolkwitz.de\/?p=1823"},"modified":"2018-01-27T00:22:56","modified_gmt":"2018-01-26T22:22:56","slug":"ein-stuermisches-jahr","status":"publish","type":"post","link":"https:\/\/www.ff-kolkwitz.de\/?p=1823","title":{"rendered":"Ein st\u00fcrmisches Jahr 2017"},"content":{"rendered":"<p><em>62 Mal mussten die Kameradinnen und Kameraden der Kolkwitzer Ortswehr im vergangenen Jahr ausr\u00fccken. Der Gro\u00dfteil der Eins\u00e4tze geht auf das Konto von St\u00fcrmen. Tragehilfen und T\u00fcrnot\u00f6ffnungen sind zur\u00fcckgegangen.<\/em><\/p>\n<p>Jeder Einsatz konnte absolviert werden, wenn auch nicht immer in voller St\u00e4rke, so Ortswehrf\u00fchrer Ralf Pujo bei der Jahreshauptversammlung. Im Schnitt erschienen 8,5 M\u00e4nner und Frauen am Ger\u00e4tehaus, wenn die Sirene ging. Etwa 62 Stunden haben sie im vergangenen Jahr im Einsatz verbracht. Dazu kamen nat\u00fcrlich zahlreiche Aus- und Fortbildungen und Schulungen. Die im letzten Jahr deutlich st\u00e4rker besucht waren, als im Vorjahr, freut sich Ausbildungsleiter Mathias Kappa. Den Grund daf\u00fcr sieht er auch im umgestellten Dienstplan mit weniger Schulungen und \u00dcbungen, aber mit h\u00f6herer Beteiligung.<\/p>\n<p>Wie gut die Ausbildung in Kolkwitz ist, gerade bei der Jugendfeuerwehr, stellt der stellvertretende Gemeindewehrf\u00fchrer Alexander Thiel immer wieder bei gemeinsamen \u00dcbungen, Schulungen und Eins\u00e4tzen fest, betont er in seinem Gru\u00dfwort. Die Ortswehr Kolkwitz ist die Wehr, die am meisten beansprucht wird in der Gemeinde, so Thiel. Und zwar nicht nur bei Eins\u00e4tzen. Sie sei auch ein wichtiger Teil des Gemeindelebens. B\u00fcrgermeister Fritz Handrow hebt in seinem Gru\u00dfwort vor allem das Maibaumstellen hervor, dass sich seiner Meinung nach zu einem festen Termin im Veranstaltungskalender der Gemeinde entwickelt hat. Einen kleinen Verbesserungsvorschlag hat er allerdings doch: Die H\u00e4nchenschaschliks sind ihm zu trocken. Das zeugt eigentlich davon, dass es an der Arbeit im vergangenen Jahr kaum etwas zu meckern gibt. Der B\u00fcrgermeister freut sich besonders, dass die Tragehilfen und T\u00fcrnot\u00f6ffnungen deutlich zur\u00fcckgegangen sind. Und auch sein designierter Nachfolger Karsten Schreiber sicherte der Feuerwehr seine Unterst\u00fctzung zu.<\/p>\n<p>Verst\u00e4rkung gibt es in diesem Jahr schon und zwar technische: Der stellvertretende Ortswehrf\u00fchrer Steffen Theiler stellte die Pl\u00e4ne f\u00fcr das neue L\u00f6schfahrzeug vor. Und wenn alles klappt, k\u00f6nnen wir es zum Maibaumstellen in diesem Jahr offiziell in Betrieb nehmen. Technisch und personell ist die Kolkwitzer Ortswehr f\u00fcr das Jahr 2018 also bestens aufgestellt.<\/p>\n<p>Im Laufe der Jahreshauptversammlung wurden folgende KameradInnen ausgezeichnet oder bef\u00f6rdert:<\/p>\n<p><strong>10 Jahre treue Dienste:<\/strong><\/p>\n<ul>\n<li>Max Ketschmer<\/li>\n<li>Christoph Tietz<\/li>\n<\/ul>\n<p><strong>30 Jahre treue Dienste:<\/strong><\/p>\n<ul>\n<li>Heike Sorich<\/li>\n<\/ul>\n<p><strong>Feuwehrfrau:<\/strong><\/p>\n<ul>\n<li>Ilona Daley<\/li>\n<li>Marion Rehnus<\/li>\n<\/ul>\n<p><strong>Oberfeuerwehrfrau:<\/strong><\/p>\n<ul>\n<li>Heike Sorich<\/li>\n<\/ul>\n<p><strong>Hauptfeuerwehrmann\/-Frau:<\/strong><\/p>\n<ul>\n<li>Max Ketzschmer<\/li>\n<li>Michelle Quapil<\/li>\n<li>Christoph Tietz<\/li>\n<\/ul>\n<p><strong>L\u00f6schmeister:<\/strong><\/p>\n<ul>\n<li>Norman Hoffmann<\/li>\n<\/ul>\n<p><strong>Oberl\u00f6schmeister:<\/strong><\/p>\n<ul>\n<li>Falko Franz<\/li>\n<li>Christian Knerig<\/li>\n<li>Christoph Rother<\/li>\n<\/ul>\n","protected":false},"excerpt":{"rendered":"<p>62 Mal mussten die Kameradinnen und Kameraden der Kolkwitzer Ortswehr im vergangenen Jahr ausr\u00fccken. Der [&hellip;]<\/p>\n","protected":false},"author":1,"featured_media":0,"comment_status":"open","ping_status":"open","sticky":false,"template":"","format":"standard","meta":{"footnotes":""},"categories":[1,16,181],"tags":[],"class_list":["post-1823","post","type-post","status-publish","format-standard","hentry","category-allgemein","category-internes","category-neues-lf"],"_links":{"self":[{"href":"https:\/\/www.ff-kolkwitz.de\/index.php?rest_route=\/wp\/v2\/posts\/1823","targetHints":{"allow":["GET"]}}],"collection":[{"href":"https:\/\/www.ff-kolkwitz.de\/index.php?rest_route=\/wp\/v2\/posts"}],"about":[{"href":"https:\/\/www.ff-kolkwitz.de\/index.php?rest_route=\/wp\/v2\/types\/post"}],"author":[{"embeddable":true,"href":"https:\/\/www.ff-kolkwitz.de\/index.php?rest_route=\/wp\/v2\/users\/1"}],"replies":[{"embeddable":true,"href":"https:\/\/www.ff-kolkwitz.de\/index.php?rest_route=%2Fwp%2Fv2%2Fcomments&post=1823"}],"version-history":[{"count":4,"href":"https:\/\/www.ff-kolkwitz.de\/index.php?rest_route=\/wp\/v2\/posts\/1823\/revisions"}],"predecessor-version":[{"id":1827,"href":"https:\/\/www.ff-kolkwitz.de\/index.php?rest_route=\/wp\/v2\/posts\/1823\/revisions\/1827"}],"wp:attachment":[{"href":"https:\/\/www.ff-kolkwitz.de\/index.php?rest_route=%2Fwp%2Fv2%2Fmedia&parent=1823"}],"wp:term":[{"taxonomy":"category","embeddable":true,"href":"https:\/\/www.ff-kolkwitz.de\/index.php?rest_route=%2Fwp%2Fv2%2Fcategories&post=1823"},{"taxonomy":"post_tag","embeddable":true,"href":"https:\/\/www.ff-kolkwitz.de\/index.php?rest_route=%2Fwp%2Fv2%2Ftags&post=1823"}],"curies":[{"name":"wp","href":"https:\/\/api.w.org\/{rel}","templated":true}]}}