{"id":2364,"date":"2019-01-20T13:45:08","date_gmt":"2019-01-20T11:45:08","guid":{"rendered":"https:\/\/www.ff-kolkwitz.de\/?p=2364"},"modified":"2019-01-20T17:22:02","modified_gmt":"2019-01-20T15:22:02","slug":"ein-jahr-der-veraenderungen","status":"publish","type":"post","link":"https:\/\/www.ff-kolkwitz.de\/?p=2364","title":{"rendered":"Ein Jahr der Ver\u00e4nderungen"},"content":{"rendered":"<p>2018 war f\u00fcr die Kameradinnen und Kameraden der Kolkwitzer Ortswehr mit 67 Eins\u00e4tzen zwar ein eher ruhiges Jahr, aber abseits der Einsatzstelle war es recht turbulent: Ein neues L\u00f6schfahrzeug, viele Feiern und ein Wechsel der Ortswehrf\u00fchrung.<\/p>\n<figure id=\"attachment_2365\" aria-describedby=\"caption-attachment-2365\" style=\"width: 830px\" class=\"wp-caption aligncenter\"><a href=\"https:\/\/www.ff-kolkwitz.de\/wp-content\/uploads\/2019\/01\/JHV001.jpg\" rel=\"lightbox[2364]\"><img loading=\"lazy\" decoding=\"async\" class=\"size-large wp-image-2365\" src=\"https:\/\/www.ff-kolkwitz.de\/wp-content\/uploads\/2019\/01\/JHV001-1200x675.jpg\" alt=\"Monika Dubrau bedankt sich bei Steffen und Ralf f\u00fcr die geleistete Arbeit\" width=\"830\" height=\"467\" srcset=\"https:\/\/www.ff-kolkwitz.de\/wp-content\/uploads\/2019\/01\/JHV001-1200x675.jpg 1200w, https:\/\/www.ff-kolkwitz.de\/wp-content\/uploads\/2019\/01\/JHV001-250x141.jpg 250w, https:\/\/www.ff-kolkwitz.de\/wp-content\/uploads\/2019\/01\/JHV001-850x478.jpg 850w\" sizes=\"auto, (max-width: 830px) 100vw, 830px\" \/><\/a><figcaption id=\"caption-attachment-2365\" class=\"wp-caption-text\">Monika Dubrau bedankt sich bei Steffen und Ralf f\u00fcr die geleistete Arbeit<\/figcaption><\/figure>\n<p>Nach 18 Jahren war es das letzte Mal, dass Ralf Pujo die Sitzung er\u00f6ffnete \u2013 diesmal unter dem Heulen der Sirene. Das war allerdings keine geplante Abschiedszeremonie, sondern ein echter Einsatz. Zum Gl\u00fcck stellte sich schnell heraus, dass die Kolkwitzer KameradInnen am Einsatzort nicht ben\u00f6tigt werden und die Versammlung konnte starten. In seiner Er\u00f6ffnungsrede bedankte sich Ralf Pujo bei allen, die ihn in den letzten Jahren unterst\u00fctzt und ihm den R\u00fccken frei gehalten haben. Seit 2001 leitet Ralf Pujo die Geschicke der Kolkwitzer Ortswehr, von Anfang an unterst\u00fctzt durch Steffen Theiler als Ger\u00e4tewart und stellvertretender Ortswehrf\u00fchrer. Mitte des Jahres gaben beide bekannt, ihre Posten an der Spitze der Ortswehr zur Jahreshauptversammlung niederzulegen und die F\u00fchrung in j\u00fcngere H\u00e4nde abzugeben. Allerdings wollen sie ihren Nachfolgern noch weiter beratend zur Seite zu stehen. Einen wichtigen Rat gaben sie schon fr\u00fch: Die Verantwortung auf mehreren Schultern zu verteilen. So fand sich ein achtk\u00f6pfiges Team aus verschiedenen Generationen, das k\u00fcnftig die Ortswehrf\u00fchrung bildet. Angef\u00fchrt vom neuen Ortswehrf\u00fchrer Marco Kunisch und seinem Stellvertreter Ren\u00e9 Badack.<br \/>\nMarco Kunisch wei\u00df, dass er und sein Team in recht gro\u00dfe Fu\u00dfstapfen treten: \u201eRalf und Steffen waren diejenigen, die die Mannschaft zusammengehalten haben und sich darum bem\u00fcht haben, die Kameradschaft weiter auszubauen. Dieser Effekt stellt sich nicht automatisch ein. Ich bin ehrlich gesagt sehr froh, dass ein Gro\u00dfteil der \u201aalten\u2018 Wehrleitung weiterhin motiviert sind mit uns \u201aneuen\u2018 zusammenzuarbeiten. Bei allem Neuen ist die Erfahrung aus dem Alten das Wichtigste.\u201c<\/p>\n<figure id=\"attachment_2367\" aria-describedby=\"caption-attachment-2367\" style=\"width: 830px\" class=\"wp-caption aligncenter\"><a href=\"https:\/\/www.ff-kolkwitz.de\/wp-content\/uploads\/2019\/01\/JHV003.jpg\" rel=\"lightbox[2364]\"><img loading=\"lazy\" decoding=\"async\" class=\"size-large wp-image-2367\" src=\"https:\/\/www.ff-kolkwitz.de\/wp-content\/uploads\/2019\/01\/JHV003-1200x675.jpg\" alt=\"B\u00fcrgermeister Karsten Schreiber ernennt Ren\u00e9 Bdack zum neuen stellvertretenden Ortswehrf\u00fchrer\" width=\"830\" height=\"467\" srcset=\"https:\/\/www.ff-kolkwitz.de\/wp-content\/uploads\/2019\/01\/JHV003-1200x675.jpg 1200w, https:\/\/www.ff-kolkwitz.de\/wp-content\/uploads\/2019\/01\/JHV003-250x141.jpg 250w, https:\/\/www.ff-kolkwitz.de\/wp-content\/uploads\/2019\/01\/JHV003-850x478.jpg 850w\" sizes=\"auto, (max-width: 830px) 100vw, 830px\" \/><\/a><figcaption id=\"caption-attachment-2367\" class=\"wp-caption-text\">B\u00fcrgermeister Karsten Schreiber ernennt Ren\u00e9 Badack zum neuen stellvertretenden Ortswehrf\u00fchrer<\/figcaption><\/figure>\n<p>Deutliche Ver\u00e4nderungen gab es an den Uniformen mehrerer Kameraden: Dennis Koal, Martin Mathow und Christian Otte wurden zum Brandmeister und damit in einen \u201eOffiziersgrad\u201c bef\u00f6rdert. Sie tragen damit ab sofort die silberne Kordel an der M\u00fctze. Davon sind unsere vier Neuzug\u00e4nge noch ein St\u00fcck entfernt: Pascal Beck, Jonas Hohm, Merlin Irmer und Tatjana Neumann hatten im vergangenen Jahr bereits zahlreiche Eins\u00e4tze mitgefahren. Die ehemaligen Jugendfeuerwehrleute wurden nun nach absolviertem Truppmann-Lehrgang zum Feuerwehrmann bzw. Feuerwehrfrau bef\u00f6rdert.<\/p>\n<figure id=\"attachment_2369\" aria-describedby=\"caption-attachment-2369\" style=\"width: 830px\" class=\"wp-caption aligncenter\"><a href=\"https:\/\/www.ff-kolkwitz.de\/wp-content\/uploads\/2019\/01\/JHV005.jpg\" rel=\"lightbox[2364]\"><img loading=\"lazy\" decoding=\"async\" class=\"size-large wp-image-2369\" src=\"https:\/\/www.ff-kolkwitz.de\/wp-content\/uploads\/2019\/01\/JHV005-1200x675.jpg\" alt=\"Noch in Rot, bald in Silber: Die neuen Brandmeister.\" width=\"830\" height=\"467\" srcset=\"https:\/\/www.ff-kolkwitz.de\/wp-content\/uploads\/2019\/01\/JHV005-1200x675.jpg 1200w, https:\/\/www.ff-kolkwitz.de\/wp-content\/uploads\/2019\/01\/JHV005-250x141.jpg 250w, https:\/\/www.ff-kolkwitz.de\/wp-content\/uploads\/2019\/01\/JHV005-850x478.jpg 850w\" sizes=\"auto, (max-width: 830px) 100vw, 830px\" \/><\/a><figcaption id=\"caption-attachment-2369\" class=\"wp-caption-text\">Noch mit roten \u00c4rmel-Abzeichen, bald in Silber: Die neuen Brandmeister.<\/figcaption><\/figure>\n<p>Nicht nur personell hat sich im vergangenen Jahr einiges getan, sondern auch technisch. Wichtigster Meilenstein war nat\u00fcrlich die Indienststellung des neuen HLF20, das das alte L\u00f6schgruppenfahrzeug abl\u00f6st und technisch auf dem neuesten Stand ist. Eine Investition, die die Gemeinde komplett aus Eigenmitteln bezahlt hat. Und die sich schon bezahlt gemacht hat, so Ordnungsamtsleiter Martin Mathow: \u201eGerade bei Verkehrsunf\u00e4llen auf der L49 kam die neue Ausr\u00fcstung zum Einsatz. Durch sie habt Ihr mindestens ein Menschenleben gerettet.\u201c Fast jeder zweite Einsatz im Jahr 2018 war eine sogenannte technische Hilfe, also z.B. ein Verkehrsunfall. Zwar gab es auch einen gr\u00f6\u00dferen Waldbrand bei Zahsow, zu dem die Kameradinnen und Kameraden mehrfach ausr\u00fccken mussten, aber im Waldbrandjahr 2018 blieb die Gro\u00dfgemeinde gl\u00fccklicherweise gr\u00f6\u00dftenteils verschont. Allerdings r\u00fcckten 3 Kameraden zum Gro\u00dfbrand nach Treuenbrietzen aus, um die Kr\u00e4fte dort zu unterst\u00fctzen.<\/p>\n<p>Hinter der Kolkwitzer Ortswehr liegt also ein Jahr der Ver\u00e4nderungen und technisch wie personell neu aufgestellt geht es ins Jahr 2019.<\/p>\n<h3><strong>Die Ortswehrf\u00fchrung 2019 im \u00dcberblick:<\/strong><\/h3>\n<table width=\"100%\" cellspacing=\"0\" cellpadding=\"4\">\n<colgroup>\n<col width=\"85*\" \/>\n<col width=\"171*\" \/> <\/colgroup>\n<tbody>\n<tr valign=\"top\">\n<td width=\"33%\">Ortswehrf\u00fchrer:<\/td>\n<td width=\"67%\">Marco Kunisch<\/td>\n<\/tr>\n<tr valign=\"top\">\n<td width=\"33%\">Stellvertretender<\/p>\n<p>Ortswehrf\u00fchrer:<\/td>\n<td width=\"67%\">Ren\u00e9 Badack<\/td>\n<\/tr>\n<tr valign=\"top\">\n<td width=\"33%\">Jugendwart:<\/td>\n<td width=\"67%\">Christian Otte<\/td>\n<\/tr>\n<tr valign=\"top\">\n<td width=\"33%\">Ger\u00e4tewart:<\/td>\n<td width=\"67%\">Dennis Koal<\/td>\n<\/tr>\n<tr valign=\"top\">\n<td width=\"33%\">Ausbildung:<\/td>\n<td width=\"67%\">Mathias Kappa<\/td>\n<\/tr>\n<tr valign=\"top\">\n<td width=\"33%\">\u00d6ffentlichkeitsarbeit:<\/td>\n<td width=\"67%\">Sascha Erler<\/td>\n<\/tr>\n<tr valign=\"top\">\n<td width=\"33%\">Kultur:<\/td>\n<td width=\"67%\">Michael Dahley<\/td>\n<\/tr>\n<tr valign=\"top\">\n<td width=\"33%\">Frauen:<\/td>\n<td width=\"67%\">Monika Dubrau (kommissarisch)<\/td>\n<\/tr>\n<\/tbody>\n<\/table>\n<h3><strong>Folgende Auszeichnungen wurden vorgenommen:<\/strong><\/h3>\n<p><strong>Ehrenzeichen des Kreisfeuerwehrverbandes Spree-Nei\u00dfe e.V. :<\/strong><br \/>\nRalf Pujo<br \/>\nSteffen Theiler<\/p>\n<p><strong>10 Jahre treue Dienste:<\/strong><br \/>\nChristian Bobowk<\/p>\n<p><strong>20 Jahre treue Dienste:<\/strong><br \/>\nSimone Schumann<br \/>\nNorman Hoffmann<\/p>\n<p><strong>30 Jahre treue Dienste:<\/strong><br \/>\nRalf Pujo<br \/>\nSteffen Theiler<br \/>\nSascha Erler<\/p>\n<h3>Bef\u00f6rderungen:<\/h3>\n<p><strong>Zu Feuerwehrmann\/Feuerwehrfrau wurden bef\u00f6rdert:<\/strong><br \/>\nPascal Beck<br \/>\nJonas Hohm<br \/>\nMerlin Irmer<br \/>\nTatjana Neumann<\/p>\n<p><strong>Zum Oberl\u00f6schmeister wurden bef\u00f6rdert:<\/strong><br \/>\nRen\u00e9 Buchan<br \/>\nChristian Bobowk<br \/>\nSascha Erler<\/p>\n<p><strong>Zum Brandmeister wurden bef\u00f6rdert:<\/strong><br \/>\nDennis Koal<br \/>\nMartin Mathow<br \/>\nChristian Otte<\/p>\n<div id='gallery-1' class='gallery galleryid-2364 gallery-columns-3 gallery-size-thumbnail'><figure class='gallery-item'>\n\t\t\t<div class='gallery-icon landscape'>\n\t\t\t\t<a href='https:\/\/www.ff-kolkwitz.de\/?attachment_id=2371#main'><img loading=\"lazy\" decoding=\"async\" width=\"250\" height=\"141\" src=\"https:\/\/www.ff-kolkwitz.de\/wp-content\/uploads\/2019\/01\/JHV007-250x141.jpg\" class=\"attachment-thumbnail size-thumbnail\" alt=\"\" aria-describedby=\"gallery-1-2371\" srcset=\"https:\/\/www.ff-kolkwitz.de\/wp-content\/uploads\/2019\/01\/JHV007-250x141.jpg 250w, https:\/\/www.ff-kolkwitz.de\/wp-content\/uploads\/2019\/01\/JHV007-850x478.jpg 850w, https:\/\/www.ff-kolkwitz.de\/wp-content\/uploads\/2019\/01\/JHV007-1200x675.jpg 1200w\" sizes=\"auto, (max-width: 250px) 100vw, 250px\" \/><\/a>\n\t\t\t<\/div>\n\t\t\t\t<figcaption class='wp-caption-text gallery-caption' id='gallery-1-2371'>\n\t\t\t\tZum Oberl\u00f6schmeister bef\u00f6rdert\n\t\t\t\t<\/figcaption><\/figure><figure class='gallery-item'>\n\t\t\t<div class='gallery-icon landscape'>\n\t\t\t\t<a href='https:\/\/www.ff-kolkwitz.de\/?attachment_id=2369#main'><img loading=\"lazy\" decoding=\"async\" width=\"250\" height=\"141\" src=\"https:\/\/www.ff-kolkwitz.de\/wp-content\/uploads\/2019\/01\/JHV005-250x141.jpg\" class=\"attachment-thumbnail size-thumbnail\" alt=\"Noch in Rot, bald in Silber: Die neuen Brandmeister.\" aria-describedby=\"gallery-1-2369\" srcset=\"https:\/\/www.ff-kolkwitz.de\/wp-content\/uploads\/2019\/01\/JHV005-250x141.jpg 250w, https:\/\/www.ff-kolkwitz.de\/wp-content\/uploads\/2019\/01\/JHV005-850x478.jpg 850w, https:\/\/www.ff-kolkwitz.de\/wp-content\/uploads\/2019\/01\/JHV005-1200x675.jpg 1200w\" sizes=\"auto, (max-width: 250px) 100vw, 250px\" \/><\/a>\n\t\t\t<\/div>\n\t\t\t\t<figcaption class='wp-caption-text gallery-caption' id='gallery-1-2369'>\n\t\t\t\tNoch in Rot, bald in Silber: Die neuen Brandmeister.\n\t\t\t\t<\/figcaption><\/figure><figure class='gallery-item'>\n\t\t\t<div class='gallery-icon landscape'>\n\t\t\t\t<a href='https:\/\/www.ff-kolkwitz.de\/?attachment_id=2368#main'><img loading=\"lazy\" decoding=\"async\" width=\"250\" height=\"141\" src=\"https:\/\/www.ff-kolkwitz.de\/wp-content\/uploads\/2019\/01\/JHV004-250x141.jpg\" class=\"attachment-thumbnail size-thumbnail\" alt=\"\" aria-describedby=\"gallery-1-2368\" srcset=\"https:\/\/www.ff-kolkwitz.de\/wp-content\/uploads\/2019\/01\/JHV004-250x141.jpg 250w, https:\/\/www.ff-kolkwitz.de\/wp-content\/uploads\/2019\/01\/JHV004-850x478.jpg 850w, https:\/\/www.ff-kolkwitz.de\/wp-content\/uploads\/2019\/01\/JHV004-1200x675.jpg 1200w\" sizes=\"auto, (max-width: 250px) 100vw, 250px\" \/><\/a>\n\t\t\t<\/div>\n\t\t\t\t<figcaption class='wp-caption-text gallery-caption' id='gallery-1-2368'>\n\t\t\t\tDie neuen Feuerwehrm\u00e4nner\/Frau\n\t\t\t\t<\/figcaption><\/figure><figure class='gallery-item'>\n\t\t\t<div class='gallery-icon landscape'>\n\t\t\t\t<a href='https:\/\/www.ff-kolkwitz.de\/?attachment_id=2367#main'><img loading=\"lazy\" decoding=\"async\" width=\"250\" height=\"141\" src=\"https:\/\/www.ff-kolkwitz.de\/wp-content\/uploads\/2019\/01\/JHV003-250x141.jpg\" class=\"attachment-thumbnail size-thumbnail\" alt=\"B\u00fcrgermeister Karsten Schreiber ernennt Ren\u00e9 Bdack zum neuen stellvertretenden Ortswehrf\u00fchrer\" aria-describedby=\"gallery-1-2367\" srcset=\"https:\/\/www.ff-kolkwitz.de\/wp-content\/uploads\/2019\/01\/JHV003-250x141.jpg 250w, https:\/\/www.ff-kolkwitz.de\/wp-content\/uploads\/2019\/01\/JHV003-850x478.jpg 850w, https:\/\/www.ff-kolkwitz.de\/wp-content\/uploads\/2019\/01\/JHV003-1200x675.jpg 1200w\" sizes=\"auto, (max-width: 250px) 100vw, 250px\" \/><\/a>\n\t\t\t<\/div>\n\t\t\t\t<figcaption class='wp-caption-text gallery-caption' id='gallery-1-2367'>\n\t\t\t\tB\u00fcrgermeister Karsten Schreiber ernennt Ren\u00e9 Badack zum neuen stellvertretenden Ortswehrf\u00fchrer\n\t\t\t\t<\/figcaption><\/figure><figure class='gallery-item'>\n\t\t\t<div class='gallery-icon landscape'>\n\t\t\t\t<a href='https:\/\/www.ff-kolkwitz.de\/?attachment_id=2366#main'><img loading=\"lazy\" decoding=\"async\" width=\"250\" height=\"141\" src=\"https:\/\/www.ff-kolkwitz.de\/wp-content\/uploads\/2019\/01\/JHV002-250x141.jpg\" class=\"attachment-thumbnail size-thumbnail\" alt=\"\" aria-describedby=\"gallery-1-2366\" srcset=\"https:\/\/www.ff-kolkwitz.de\/wp-content\/uploads\/2019\/01\/JHV002-250x141.jpg 250w, https:\/\/www.ff-kolkwitz.de\/wp-content\/uploads\/2019\/01\/JHV002-850x478.jpg 850w, https:\/\/www.ff-kolkwitz.de\/wp-content\/uploads\/2019\/01\/JHV002-1200x675.jpg 1200w\" sizes=\"auto, (max-width: 250px) 100vw, 250px\" \/><\/a>\n\t\t\t<\/div>\n\t\t\t\t<figcaption class='wp-caption-text gallery-caption' id='gallery-1-2366'>\n\t\t\t\tDer B\u00fcrgermeister bedankt sich bei Steffen und Ralf\n\t\t\t\t<\/figcaption><\/figure><figure class='gallery-item'>\n\t\t\t<div class='gallery-icon landscape'>\n\t\t\t\t<a href='https:\/\/www.ff-kolkwitz.de\/?attachment_id=2365#main'><img loading=\"lazy\" decoding=\"async\" width=\"250\" height=\"141\" src=\"https:\/\/www.ff-kolkwitz.de\/wp-content\/uploads\/2019\/01\/JHV001-250x141.jpg\" class=\"attachment-thumbnail size-thumbnail\" alt=\"Monika Dubrau bedankt sich bei Steffen und Ralf f\u00fcr die geleistete Arbeit\" aria-describedby=\"gallery-1-2365\" srcset=\"https:\/\/www.ff-kolkwitz.de\/wp-content\/uploads\/2019\/01\/JHV001-250x141.jpg 250w, https:\/\/www.ff-kolkwitz.de\/wp-content\/uploads\/2019\/01\/JHV001-850x478.jpg 850w, https:\/\/www.ff-kolkwitz.de\/wp-content\/uploads\/2019\/01\/JHV001-1200x675.jpg 1200w\" sizes=\"auto, (max-width: 250px) 100vw, 250px\" \/><\/a>\n\t\t\t<\/div>\n\t\t\t\t<figcaption class='wp-caption-text gallery-caption' id='gallery-1-2365'>\n\t\t\t\tMonika Dubrau bedankt sich bei Steffen und Ralf f\u00fcr die geleistete Arbeit\n\t\t\t\t<\/figcaption><\/figure>\n\t\t<\/div>\n\n","protected":false},"excerpt":{"rendered":"<p>2018 war f\u00fcr die Kameradinnen und Kameraden der Kolkwitzer Ortswehr mit 67 Eins\u00e4tzen zwar ein [&hellip;]<\/p>\n","protected":false},"author":1,"featured_media":0,"comment_status":"open","ping_status":"open","sticky":false,"template":"","format":"standard","meta":{"footnotes":""},"categories":[1,16],"tags":[],"class_list":["post-2364","post","type-post","status-publish","format-standard","hentry","category-allgemein","category-internes"],"_links":{"self":[{"href":"https:\/\/www.ff-kolkwitz.de\/index.php?rest_route=\/wp\/v2\/posts\/2364","targetHints":{"allow":["GET"]}}],"collection":[{"href":"https:\/\/www.ff-kolkwitz.de\/index.php?rest_route=\/wp\/v2\/posts"}],"about":[{"href":"https:\/\/www.ff-kolkwitz.de\/index.php?rest_route=\/wp\/v2\/types\/post"}],"author":[{"embeddable":true,"href":"https:\/\/www.ff-kolkwitz.de\/index.php?rest_route=\/wp\/v2\/users\/1"}],"replies":[{"embeddable":true,"href":"https:\/\/www.ff-kolkwitz.de\/index.php?rest_route=%2Fwp%2Fv2%2Fcomments&post=2364"}],"version-history":[{"count":5,"href":"https:\/\/www.ff-kolkwitz.de\/index.php?rest_route=\/wp\/v2\/posts\/2364\/revisions"}],"predecessor-version":[{"id":2381,"href":"https:\/\/www.ff-kolkwitz.de\/index.php?rest_route=\/wp\/v2\/posts\/2364\/revisions\/2381"}],"wp:attachment":[{"href":"https:\/\/www.ff-kolkwitz.de\/index.php?rest_route=%2Fwp%2Fv2%2Fmedia&parent=2364"}],"wp:term":[{"taxonomy":"category","embeddable":true,"href":"https:\/\/www.ff-kolkwitz.de\/index.php?rest_route=%2Fwp%2Fv2%2Fcategories&post=2364"},{"taxonomy":"post_tag","embeddable":true,"href":"https:\/\/www.ff-kolkwitz.de\/index.php?rest_route=%2Fwp%2Fv2%2Ftags&post=2364"}],"curies":[{"name":"wp","href":"https:\/\/api.w.org\/{rel}","templated":true}]}}