{"id":2407,"date":"2019-03-10T23:11:48","date_gmt":"2019-03-10T21:11:48","guid":{"rendered":"https:\/\/www.ff-kolkwitz.de\/?p=2407"},"modified":"2019-03-10T23:11:48","modified_gmt":"2019-03-10T21:11:48","slug":"pruefungsergebnisse-agt-lehrgang","status":"publish","type":"post","link":"https:\/\/www.ff-kolkwitz.de\/?p=2407","title":{"rendered":"Pr\u00fcfungsergebnisse AGT-Lehrgang"},"content":{"rendered":"<p>Bei uns im Ger\u00e4tehaus wurde erneut ein Atemschutz-Ger\u00e4tetr\u00e4ger-Lehrgang durchgef\u00fchrt. Dabei haben die TeilnehmerInnen den sicheren Umgang mit Flaschen und Masken ge\u00fcbt, aber auch viel \u00fcber Atemgifte, gesetzliche Vorraussetzungen und Einsatztaktik unter Atemschutz gelernt. Die erworbenen Kentnisse sollten in einer theoretischen Abschlusspr\u00fcfung nachgewiesen werden. Hier die Ergebnisse. Aus Datenschutzgr\u00fcnden nicht nach Name sondern Teilnehmernummer geordnet.<\/p>\n<ol>\n<li>\u00a058<\/li>\n<li>57<\/li>\n<li>55<\/li>\n<li>61<\/li>\n<li>62<\/li>\n<li>64<\/li>\n<li>59<\/li>\n<li>65<\/li>\n<li>64<\/li>\n<li>61<\/li>\n<\/ol>\n<p>Wir gratulieren zur Pr\u00fcfung und freuen uns \u00fcber Verrst\u00e4rkung bei Atemschutz-Eins\u00e4tzen!<\/p>\n","protected":false},"excerpt":{"rendered":"<p>Bei uns im Ger\u00e4tehaus wurde erneut ein Atemschutz-Ger\u00e4tetr\u00e4ger-Lehrgang durchgef\u00fchrt. Dabei haben die TeilnehmerInnen den sicheren [&hellip;]<\/p>\n","protected":false},"author":1,"featured_media":668,"comment_status":"open","ping_status":"open","sticky":false,"template":"","format":"standard","meta":{"footnotes":""},"categories":[48],"tags":[],"class_list":["post-2407","post","type-post","status-publish","format-standard","has-post-thumbnail","hentry","category-ausbildung"],"_links":{"self":[{"href":"https:\/\/www.ff-kolkwitz.de\/index.php?rest_route=\/wp\/v2\/posts\/2407","targetHints":{"allow":["GET"]}}],"collection":[{"href":"https:\/\/www.ff-kolkwitz.de\/index.php?rest_route=\/wp\/v2\/posts"}],"about":[{"href":"https:\/\/www.ff-kolkwitz.de\/index.php?rest_route=\/wp\/v2\/types\/post"}],"author":[{"embeddable":true,"href":"https:\/\/www.ff-kolkwitz.de\/index.php?rest_route=\/wp\/v2\/users\/1"}],"replies":[{"embeddable":true,"href":"https:\/\/www.ff-kolkwitz.de\/index.php?rest_route=%2Fwp%2Fv2%2Fcomments&post=2407"}],"version-history":[{"count":1,"href":"https:\/\/www.ff-kolkwitz.de\/index.php?rest_route=\/wp\/v2\/posts\/2407\/revisions"}],"predecessor-version":[{"id":2408,"href":"https:\/\/www.ff-kolkwitz.de\/index.php?rest_route=\/wp\/v2\/posts\/2407\/revisions\/2408"}],"wp:featuredmedia":[{"embeddable":true,"href":"https:\/\/www.ff-kolkwitz.de\/index.php?rest_route=\/wp\/v2\/media\/668"}],"wp:attachment":[{"href":"https:\/\/www.ff-kolkwitz.de\/index.php?rest_route=%2Fwp%2Fv2%2Fmedia&parent=2407"}],"wp:term":[{"taxonomy":"category","embeddable":true,"href":"https:\/\/www.ff-kolkwitz.de\/index.php?rest_route=%2Fwp%2Fv2%2Fcategories&post=2407"},{"taxonomy":"post_tag","embeddable":true,"href":"https:\/\/www.ff-kolkwitz.de\/index.php?rest_route=%2Fwp%2Fv2%2Ftags&post=2407"}],"curies":[{"name":"wp","href":"https:\/\/api.w.org\/{rel}","templated":true}]}}