{"id":2513,"date":"2019-05-22T15:13:43","date_gmt":"2019-05-22T13:13:43","guid":{"rendered":"https:\/\/www.ff-kolkwitz.de\/?p=2513"},"modified":"2019-05-22T15:17:30","modified_gmt":"2019-05-22T13:17:30","slug":"emotionaler-abschied-von-der-wehrfuehrung","status":"publish","type":"post","link":"https:\/\/www.ff-kolkwitz.de\/?p=2513","title":{"rendered":"Emotionaler Abschied von der Wehrf\u00fchrung"},"content":{"rendered":"<p>Mit Sirenengeheul, Salutsch\u00fcssen und einem Spalier aus Feuerwehrleuten aller Ortsteile sind der Wehrf\u00fchrer der Gro\u00dfgemeinde Kolkwitz, J\u00fcrgen Rehnus und sein Stellvertreter Reiner Roblick am 21.Mai in den Ruhestand verabschiedet worden.<\/p>\n<figure id=\"attachment_2524\" aria-describedby=\"caption-attachment-2524\" style=\"width: 2563px\" class=\"wp-caption aligncenter\"><a href=\"https:\/\/www.ff-kolkwitz.de\/wp-content\/uploads\/2019\/05\/2019-05-22-001.jpg\" rel=\"lightbox[2513]\"><img loading=\"lazy\" decoding=\"async\" class=\"size-full wp-image-2524\" src=\"https:\/\/www.ff-kolkwitz.de\/wp-content\/uploads\/2019\/05\/2019-05-22-001.jpg\" alt=\"Hauptamtsleiterin Martina Rentsch \u00fcberigbt J\u00fcrgen Rehnus die Entlassungsurkunde\" width=\"2563\" height=\"1708\" srcset=\"https:\/\/www.ff-kolkwitz.de\/wp-content\/uploads\/2019\/05\/2019-05-22-001.jpg 2563w, https:\/\/www.ff-kolkwitz.de\/wp-content\/uploads\/2019\/05\/2019-05-22-001-768x512.jpg 768w\" sizes=\"auto, (max-width: 2563px) 100vw, 2563px\" \/><\/a><figcaption id=\"caption-attachment-2524\" class=\"wp-caption-text\"><em>Hauptamtsleiterin Martina Rentsch \u00fcbergibt J\u00fcrgen Rehnus die Entlassungsurkunde<\/em><\/figcaption><\/figure>\n<p>J\u00fcrgen Rehnus hatte zwar geahnt, dass ihm an seinem letzten Tag seiner 18j\u00f6hrigen Amtszeit eine \u00dcberraschung ins Haus stehen w\u00fcrde, aber mit diesem Ausma\u00df hat er nicht gerechnet: Mit einem historischen Feuerwehrfahrzeug werden er und sein Stellvertreter samt Ehefrauen zu Hause abgeholt. Fast alle Fahrzeuge, die die Gemeinde zu bieten hat eskortieren entweder den Tross, oder stehen entlang der Strecke zum Kolkwitzer Ger\u00e4tehaus, wo nahezu die komplette Feuerwehr aus allen Ortswehren angetreten ist. Die Jugendfeuerwehr hat ebenfalls Aufstellung entlang der Stra\u00dfe bezogen und bildet mit D-Rohren einen Wassertunnel.<\/p>\n<figure id=\"attachment_2521\" aria-describedby=\"caption-attachment-2521\" style=\"width: 2563px\" class=\"wp-caption aligncenter\"><a href=\"https:\/\/www.ff-kolkwitz.de\/wp-content\/uploads\/2019\/05\/2019-05-22-003.jpg\" rel=\"lightbox[2513]\"><img loading=\"lazy\" decoding=\"async\" class=\"size-full wp-image-2521\" src=\"https:\/\/www.ff-kolkwitz.de\/wp-content\/uploads\/2019\/05\/2019-05-22-003.jpg\" alt=\"Ein Wassertunnel und Eskorte\" width=\"2563\" height=\"1708\" srcset=\"https:\/\/www.ff-kolkwitz.de\/wp-content\/uploads\/2019\/05\/2019-05-22-003.jpg 2563w, https:\/\/www.ff-kolkwitz.de\/wp-content\/uploads\/2019\/05\/2019-05-22-003-768x512.jpg 768w\" sizes=\"auto, (max-width: 2563px) 100vw, 2563px\" \/><\/a><figcaption id=\"caption-attachment-2521\" class=\"wp-caption-text\">Ein Wassertunnel und Eskorte<\/figcaption><\/figure>\n<p>&#8220;Ich kann zusammenfassen: Ich bin ger\u00fchrt.&#8221; Eigentlich habe er zusammen mit der Gemeindewehrf\u00fchrung doch lediglich seine Arbeit gemacht, so der scheidende Gemeindewehrf\u00fchrer. &#8220;Wir haben versucht, das beste aus der Situation zu machen. Und das ist eingetroffen.&#8221; Sein Nachfolger Steffen Theiler gibt ihm in seiner Ansprache recht. &#8220;Unter der F\u00fchrung von J\u00fcrgen und Reiner ist die Feuerwehr in der Gro\u00dfgemeinde Kolkwitz zu einer leistungsf\u00e4higen und \u00fcber die Gemeindegrenze hinaus anerkannten Gr\u00f6\u00dfe geworden. Eure jahrelange engagierte Arbeitsweise sollte f\u00fcr uns alle Anspruch sein f\u00fcr unsere Arbeit in der Freiwilligen Feuerwehr Kolkwitz. Wir als neue Wehrf\u00fchrung sehen es als eine gro\u00dfe Herausforderung eure Arbeit fortzuf\u00fchren. In einer Gemeinde Kolkwitz die auf Wachstum ausgerichtet ist, muss die Technische und Personelle Ausstattung der Wehren der Entwicklung stetig angepasst werden und wir d\u00fcrfen uns nicht mit Stillstand zufrieden geben.&#8221;<\/p>\n<figure id=\"attachment_2520\" aria-describedby=\"caption-attachment-2520\" style=\"width: 2563px\" class=\"wp-caption aligncenter\"><a href=\"https:\/\/www.ff-kolkwitz.de\/wp-content\/uploads\/2019\/05\/2019-05-22-004.jpg\" rel=\"lightbox[2513]\"><img loading=\"lazy\" decoding=\"async\" class=\"size-full wp-image-2520\" src=\"https:\/\/www.ff-kolkwitz.de\/wp-content\/uploads\/2019\/05\/2019-05-22-004.jpg\" alt=\"Dankesworte von Nachfolger Steffen Theiler f\u00fcr J\u00fcrgen und Reiner\" width=\"2563\" height=\"1708\" srcset=\"https:\/\/www.ff-kolkwitz.de\/wp-content\/uploads\/2019\/05\/2019-05-22-004.jpg 2563w, https:\/\/www.ff-kolkwitz.de\/wp-content\/uploads\/2019\/05\/2019-05-22-004-768x512.jpg 768w\" sizes=\"auto, (max-width: 2563px) 100vw, 2563px\" \/><\/a><figcaption id=\"caption-attachment-2520\" class=\"wp-caption-text\">Dankesworte von Nachfolger Steffen Theiler f\u00fcr J\u00fcrgen und Reiner<\/figcaption><\/figure>\n<p>Stillstand haben J\u00fcrgen Rehnus und Reiner Roblick nicht im Sinn. Beide wollen der Feuerwehr erhalten bleiben. &#8220;Ist das Leben noch so schwer: Feuerwehr bleibt Feuerwehr!&#8221; erinnert Reiner Roblick. Er ist seit der Gr\u00fcndung der Gro\u00dfgemeinde vor 26 Jahren Mitglied der Gemeindewehrf\u00fchrung, ausserdem Ortswehrf\u00fchrer in Eichow, Mitglied im Bauausschuss der Gemeinde, aktiver Mitgestalter der Feuerwehrkonzeption, Kampfrichter, sowie Mitglied im Fachbereichs Historik des KFV SPN. &#8220;Wie wir alle wissen ist Reiners Arbeitsweise zielorientiert und wie von Schienen gef\u00fchrt &#8211; er ist eben Eisenbahner. Unser &#8216;Rumpi&#8217; J\u00fcrgen ist Sommer wie Winter auf Sandalen unterwegs, ist mit seinem Erfindungsgeist stets ansprechbar gewesen und hat sich mit einem unendlichen Zeitaufwand immer f\u00fcr seine Kameradinnen und Kameraden eingesetzt&#8221; So Steffen Theiler. &#8220;Genie\u00dft den Ruhestand, aber werdet nicht zu ruhig, denn wer rastet der rostet&#8221; scherzt Kreisbrandmeister Stefan Grothe und KFV-Vorsitzender Robert Buder gibt scherzhaft zu bedenken, dass ja jetzt auch J\u00fcrgen Rehnus mehr Zeit habe, sich im Fachbereich Historik zu engagieren. F\u00fcr seine geleistete Arbeit zeichnete er den scheidenden Gemeindewehrf\u00fchrer mit dem Ehrenzeichen des Kreisfeuerwehrverbandes SPN e.V. in Sonderstufe aus.<br \/>\nAls Dankesch\u00f6n der Kameradinnen und Kameraden der Gro\u00dfgemeinde bekommen beide einen Apfelbaum geschenkt. &#8220;Als Zeichen, dass Eure Arbeit Fr\u00fcchte getragen hat&#8221; so KFV-Unterverbandsleiter J\u00fcrgen M\u00f6nch bei der \u00dcbergabe. Fr\u00fcchte, auf die Hauptamtsleiterin Martina Rensch auch noch einmal zu sprechen kommt: &#8220;Es ist Euch zu verdanken, dass die Feuerwehr der Gro\u00dfgemeinde zusammengewachsen sind und jetzt so leistungsstark dasteht. Die Gro\u00dfgemeinde kann zu Recht stolz sein auf ihre Feuerwehr. Dazu habt Ihr beigetragen.&#8221;<\/p>\n<div id='gallery-1' class='gallery galleryid-2513 gallery-columns-3 gallery-size-thumbnail'><figure class='gallery-item'>\n\t\t\t<div class='gallery-icon landscape'>\n\t\t\t\t<a href='https:\/\/www.ff-kolkwitz.de\/?attachment_id=2524#main'><img loading=\"lazy\" decoding=\"async\" width=\"250\" height=\"141\" src=\"https:\/\/www.ff-kolkwitz.de\/wp-content\/uploads\/2019\/05\/2019-05-22-001-250x141.jpg\" class=\"attachment-thumbnail size-thumbnail\" alt=\"Hauptamtsleiterin Martina Rentsch \u00fcberigbt J\u00fcrgen Rehnus die Entlassungsurkunde\" aria-describedby=\"gallery-1-2524\" srcset=\"https:\/\/www.ff-kolkwitz.de\/wp-content\/uploads\/2019\/05\/2019-05-22-001-250x141.jpg 250w, https:\/\/www.ff-kolkwitz.de\/wp-content\/uploads\/2019\/05\/2019-05-22-001-850x478.jpg 850w, https:\/\/www.ff-kolkwitz.de\/wp-content\/uploads\/2019\/05\/2019-05-22-001-1200x675.jpg 1200w\" sizes=\"auto, (max-width: 250px) 100vw, 250px\" \/><\/a>\n\t\t\t<\/div>\n\t\t\t\t<figcaption class='wp-caption-text gallery-caption' id='gallery-1-2524'>\n\t\t\t\tHauptamtsleiterin Martina Rentsch \u00fcberigbt J\u00fcrgen Rehnus die Entlassungsurkunde\n\t\t\t\t<\/figcaption><\/figure><figure class='gallery-item'>\n\t\t\t<div class='gallery-icon landscape'>\n\t\t\t\t<a href='https:\/\/www.ff-kolkwitz.de\/?attachment_id=2523#main'><img loading=\"lazy\" decoding=\"async\" width=\"250\" height=\"141\" src=\"https:\/\/www.ff-kolkwitz.de\/wp-content\/uploads\/2019\/05\/2019-05-22-007-250x141.jpg\" class=\"attachment-thumbnail size-thumbnail\" alt=\"Hauptamtsleiterin Martina Rentsch \u00fcbergibt Reiner Roblick die Entlassungsurkunde\" aria-describedby=\"gallery-1-2523\" srcset=\"https:\/\/www.ff-kolkwitz.de\/wp-content\/uploads\/2019\/05\/2019-05-22-007-250x141.jpg 250w, https:\/\/www.ff-kolkwitz.de\/wp-content\/uploads\/2019\/05\/2019-05-22-007-850x478.jpg 850w, https:\/\/www.ff-kolkwitz.de\/wp-content\/uploads\/2019\/05\/2019-05-22-007-1200x675.jpg 1200w\" sizes=\"auto, (max-width: 250px) 100vw, 250px\" \/><\/a>\n\t\t\t<\/div>\n\t\t\t\t<figcaption class='wp-caption-text gallery-caption' id='gallery-1-2523'>\n\t\t\t\tHauptamtsleiterin Martina Rentsch \u00fcbergibt Reiner Roblick die Entlassungsurkunde\n\t\t\t\t<\/figcaption><\/figure><figure class='gallery-item'>\n\t\t\t<div class='gallery-icon landscape'>\n\t\t\t\t<a href='https:\/\/www.ff-kolkwitz.de\/?attachment_id=2522#main'><img loading=\"lazy\" decoding=\"async\" width=\"250\" height=\"141\" src=\"https:\/\/www.ff-kolkwitz.de\/wp-content\/uploads\/2019\/05\/2019-05-22-002-250x141.jpg\" class=\"attachment-thumbnail size-thumbnail\" alt=\"\" aria-describedby=\"gallery-1-2522\" srcset=\"https:\/\/www.ff-kolkwitz.de\/wp-content\/uploads\/2019\/05\/2019-05-22-002-250x141.jpg 250w, https:\/\/www.ff-kolkwitz.de\/wp-content\/uploads\/2019\/05\/2019-05-22-002-850x478.jpg 850w, https:\/\/www.ff-kolkwitz.de\/wp-content\/uploads\/2019\/05\/2019-05-22-002-1200x675.jpg 1200w\" sizes=\"auto, (max-width: 250px) 100vw, 250px\" \/><\/a>\n\t\t\t<\/div>\n\t\t\t\t<figcaption class='wp-caption-text gallery-caption' id='gallery-1-2522'>\n\t\t\t\tVorbesprechung: Zeremonienmeister Andreas Lippmann mit dem Sch\u00fctzenverein und Steffen Theiler\n\t\t\t\t<\/figcaption><\/figure><figure class='gallery-item'>\n\t\t\t<div class='gallery-icon landscape'>\n\t\t\t\t<a href='https:\/\/www.ff-kolkwitz.de\/?attachment_id=2521#main'><img loading=\"lazy\" decoding=\"async\" width=\"250\" height=\"141\" src=\"https:\/\/www.ff-kolkwitz.de\/wp-content\/uploads\/2019\/05\/2019-05-22-003-250x141.jpg\" class=\"attachment-thumbnail size-thumbnail\" alt=\"Ein Wassertunnel und Eskorte\" aria-describedby=\"gallery-1-2521\" srcset=\"https:\/\/www.ff-kolkwitz.de\/wp-content\/uploads\/2019\/05\/2019-05-22-003-250x141.jpg 250w, https:\/\/www.ff-kolkwitz.de\/wp-content\/uploads\/2019\/05\/2019-05-22-003-850x478.jpg 850w, https:\/\/www.ff-kolkwitz.de\/wp-content\/uploads\/2019\/05\/2019-05-22-003-1200x675.jpg 1200w\" sizes=\"auto, (max-width: 250px) 100vw, 250px\" \/><\/a>\n\t\t\t<\/div>\n\t\t\t\t<figcaption class='wp-caption-text gallery-caption' id='gallery-1-2521'>\n\t\t\t\tEin Wassertunnel und Eskorte\n\t\t\t\t<\/figcaption><\/figure><figure class='gallery-item'>\n\t\t\t<div class='gallery-icon landscape'>\n\t\t\t\t<a href='https:\/\/www.ff-kolkwitz.de\/?attachment_id=2520#main'><img loading=\"lazy\" decoding=\"async\" width=\"250\" height=\"141\" src=\"https:\/\/www.ff-kolkwitz.de\/wp-content\/uploads\/2019\/05\/2019-05-22-004-250x141.jpg\" class=\"attachment-thumbnail size-thumbnail\" alt=\"Dankesworte von Nachfolger Steffen Theiler f\u00fcr J\u00fcrgen und Reiner\" aria-describedby=\"gallery-1-2520\" srcset=\"https:\/\/www.ff-kolkwitz.de\/wp-content\/uploads\/2019\/05\/2019-05-22-004-250x141.jpg 250w, https:\/\/www.ff-kolkwitz.de\/wp-content\/uploads\/2019\/05\/2019-05-22-004-850x478.jpg 850w, https:\/\/www.ff-kolkwitz.de\/wp-content\/uploads\/2019\/05\/2019-05-22-004-1200x675.jpg 1200w\" sizes=\"auto, (max-width: 250px) 100vw, 250px\" \/><\/a>\n\t\t\t<\/div>\n\t\t\t\t<figcaption class='wp-caption-text gallery-caption' id='gallery-1-2520'>\n\t\t\t\tDankesworte von Nachfolger Steffen Theiler f\u00fcr J\u00fcrgen und Reiner\n\t\t\t\t<\/figcaption><\/figure><figure class='gallery-item'>\n\t\t\t<div class='gallery-icon landscape'>\n\t\t\t\t<a href='https:\/\/www.ff-kolkwitz.de\/?attachment_id=2519#main'><img loading=\"lazy\" decoding=\"async\" width=\"250\" height=\"141\" src=\"https:\/\/www.ff-kolkwitz.de\/wp-content\/uploads\/2019\/05\/2019-05-22-005-250x141.jpg\" class=\"attachment-thumbnail size-thumbnail\" alt=\"\" aria-describedby=\"gallery-1-2519\" srcset=\"https:\/\/www.ff-kolkwitz.de\/wp-content\/uploads\/2019\/05\/2019-05-22-005-250x141.jpg 250w, https:\/\/www.ff-kolkwitz.de\/wp-content\/uploads\/2019\/05\/2019-05-22-005-850x478.jpg 850w, https:\/\/www.ff-kolkwitz.de\/wp-content\/uploads\/2019\/05\/2019-05-22-005-1200x675.jpg 1200w\" sizes=\"auto, (max-width: 250px) 100vw, 250px\" \/><\/a>\n\t\t\t<\/div>\n\t\t\t\t<figcaption class='wp-caption-text gallery-caption' id='gallery-1-2519'>\n\t\t\t\tKreisbrandmeister Stefan Grothe bedankt sich f\u00fcr die geleistete Arbeit\n\t\t\t\t<\/figcaption><\/figure><figure class='gallery-item'>\n\t\t\t<div class='gallery-icon landscape'>\n\t\t\t\t<a href='https:\/\/www.ff-kolkwitz.de\/?attachment_id=2518#main'><img loading=\"lazy\" decoding=\"async\" width=\"250\" height=\"141\" src=\"https:\/\/www.ff-kolkwitz.de\/wp-content\/uploads\/2019\/05\/2019-05-22-006-250x141.jpg\" class=\"attachment-thumbnail size-thumbnail\" alt=\"\" aria-describedby=\"gallery-1-2518\" srcset=\"https:\/\/www.ff-kolkwitz.de\/wp-content\/uploads\/2019\/05\/2019-05-22-006-250x141.jpg 250w, https:\/\/www.ff-kolkwitz.de\/wp-content\/uploads\/2019\/05\/2019-05-22-006-850x478.jpg 850w, https:\/\/www.ff-kolkwitz.de\/wp-content\/uploads\/2019\/05\/2019-05-22-006-1200x675.jpg 1200w\" sizes=\"auto, (max-width: 250px) 100vw, 250px\" \/><\/a>\n\t\t\t<\/div>\n\t\t\t\t<figcaption class='wp-caption-text gallery-caption' id='gallery-1-2518'>\n\t\t\t\tKFV-Vorsitzender Robert Buder hat das Ehrenzeichen des Verbandes in Sonderstufe mitgebracht\n\t\t\t\t<\/figcaption><\/figure><figure class='gallery-item'>\n\t\t\t<div class='gallery-icon landscape'>\n\t\t\t\t<a href='https:\/\/www.ff-kolkwitz.de\/?attachment_id=2517#main'><img loading=\"lazy\" decoding=\"async\" width=\"250\" height=\"141\" src=\"https:\/\/www.ff-kolkwitz.de\/wp-content\/uploads\/2019\/05\/2019-05-22-011-250x141.jpg\" class=\"attachment-thumbnail size-thumbnail\" alt=\"\" aria-describedby=\"gallery-1-2517\" srcset=\"https:\/\/www.ff-kolkwitz.de\/wp-content\/uploads\/2019\/05\/2019-05-22-011-250x141.jpg 250w, https:\/\/www.ff-kolkwitz.de\/wp-content\/uploads\/2019\/05\/2019-05-22-011-850x478.jpg 850w, https:\/\/www.ff-kolkwitz.de\/wp-content\/uploads\/2019\/05\/2019-05-22-011-1200x675.jpg 1200w\" sizes=\"auto, (max-width: 250px) 100vw, 250px\" \/><\/a>\n\t\t\t<\/div>\n\t\t\t\t<figcaption class='wp-caption-text gallery-caption' id='gallery-1-2517'>\n\t\t\t\tJ\u00fcrgen \u00fcbergibt Schl\u00fcssel, Funkger\u00e4t und Diensthandy an seinen Nachfolger\n\t\t\t\t<\/figcaption><\/figure><figure class='gallery-item'>\n\t\t\t<div class='gallery-icon landscape'>\n\t\t\t\t<a href='https:\/\/www.ff-kolkwitz.de\/?attachment_id=2516#main'><img loading=\"lazy\" decoding=\"async\" width=\"250\" height=\"141\" src=\"https:\/\/www.ff-kolkwitz.de\/wp-content\/uploads\/2019\/05\/2019-05-22-008-250x141.jpg\" class=\"attachment-thumbnail size-thumbnail\" alt=\"\" aria-describedby=\"gallery-1-2516\" srcset=\"https:\/\/www.ff-kolkwitz.de\/wp-content\/uploads\/2019\/05\/2019-05-22-008-250x141.jpg 250w, https:\/\/www.ff-kolkwitz.de\/wp-content\/uploads\/2019\/05\/2019-05-22-008-850x478.jpg 850w, https:\/\/www.ff-kolkwitz.de\/wp-content\/uploads\/2019\/05\/2019-05-22-008-1200x675.jpg 1200w\" sizes=\"auto, (max-width: 250px) 100vw, 250px\" \/><\/a>\n\t\t\t<\/div>\n\t\t\t\t<figcaption class='wp-caption-text gallery-caption' id='gallery-1-2516'>\n\t\t\t\tAls Dankesch\u00f6n der KameradInnen gibt es einen Apfelbaum\n\t\t\t\t<\/figcaption><\/figure><figure class='gallery-item'>\n\t\t\t<div class='gallery-icon landscape'>\n\t\t\t\t<a href='https:\/\/www.ff-kolkwitz.de\/?attachment_id=2515#main'><img loading=\"lazy\" decoding=\"async\" width=\"250\" height=\"141\" src=\"https:\/\/www.ff-kolkwitz.de\/wp-content\/uploads\/2019\/05\/2019-05-22-009-250x141.jpg\" class=\"attachment-thumbnail size-thumbnail\" alt=\"\" aria-describedby=\"gallery-1-2515\" srcset=\"https:\/\/www.ff-kolkwitz.de\/wp-content\/uploads\/2019\/05\/2019-05-22-009-250x141.jpg 250w, https:\/\/www.ff-kolkwitz.de\/wp-content\/uploads\/2019\/05\/2019-05-22-009-850x478.jpg 850w, https:\/\/www.ff-kolkwitz.de\/wp-content\/uploads\/2019\/05\/2019-05-22-009-1200x675.jpg 1200w\" sizes=\"auto, (max-width: 250px) 100vw, 250px\" \/><\/a>\n\t\t\t<\/div>\n\t\t\t\t<figcaption class='wp-caption-text gallery-caption' id='gallery-1-2515'>\n\t\t\t\tGeistige Gegr\u00e4nke vom Kreisbrandmeister a.D. Wolfhard K\u00e4tzmer\n\t\t\t\t<\/figcaption><\/figure><figure class='gallery-item'>\n\t\t\t<div class='gallery-icon landscape'>\n\t\t\t\t<a href='https:\/\/www.ff-kolkwitz.de\/?attachment_id=2514#main'><img loading=\"lazy\" decoding=\"async\" width=\"250\" height=\"141\" src=\"https:\/\/www.ff-kolkwitz.de\/wp-content\/uploads\/2019\/05\/2019-05-22-010-250x141.jpg\" class=\"attachment-thumbnail size-thumbnail\" alt=\"\" aria-describedby=\"gallery-1-2514\" srcset=\"https:\/\/www.ff-kolkwitz.de\/wp-content\/uploads\/2019\/05\/2019-05-22-010-250x141.jpg 250w, https:\/\/www.ff-kolkwitz.de\/wp-content\/uploads\/2019\/05\/2019-05-22-010-850x478.jpg 850w, https:\/\/www.ff-kolkwitz.de\/wp-content\/uploads\/2019\/05\/2019-05-22-010-1200x675.jpg 1200w\" sizes=\"auto, (max-width: 250px) 100vw, 250px\" \/><\/a>\n\t\t\t<\/div>\n\t\t\t\t<figcaption class='wp-caption-text gallery-caption' id='gallery-1-2514'>\n\t\t\t\tSalutsch\u00fcsse des Sch\u00fctzenvereins\n\t\t\t\t<\/figcaption><\/figure>\n\t\t<\/div>\n\n","protected":false},"excerpt":{"rendered":"<p>Mit Sirenengeheul, Salutsch\u00fcssen und einem Spalier aus Feuerwehrleuten aller Ortsteile sind der Wehrf\u00fchrer der Gro\u00dfgemeinde [&hellip;]<\/p>\n","protected":false},"author":1,"featured_media":0,"comment_status":"open","ping_status":"open","sticky":false,"template":"","format":"standard","meta":{"footnotes":""},"categories":[16,17,19],"tags":[],"class_list":["post-2513","post","type-post","status-publish","format-standard","hentry","category-internes","category-kokwitz","category-neues"],"_links":{"self":[{"href":"https:\/\/www.ff-kolkwitz.de\/index.php?rest_route=\/wp\/v2\/posts\/2513","targetHints":{"allow":["GET"]}}],"collection":[{"href":"https:\/\/www.ff-kolkwitz.de\/index.php?rest_route=\/wp\/v2\/posts"}],"about":[{"href":"https:\/\/www.ff-kolkwitz.de\/index.php?rest_route=\/wp\/v2\/types\/post"}],"author":[{"embeddable":true,"href":"https:\/\/www.ff-kolkwitz.de\/index.php?rest_route=\/wp\/v2\/users\/1"}],"replies":[{"embeddable":true,"href":"https:\/\/www.ff-kolkwitz.de\/index.php?rest_route=%2Fwp%2Fv2%2Fcomments&post=2513"}],"version-history":[{"count":3,"href":"https:\/\/www.ff-kolkwitz.de\/index.php?rest_route=\/wp\/v2\/posts\/2513\/revisions"}],"predecessor-version":[{"id":2527,"href":"https:\/\/www.ff-kolkwitz.de\/index.php?rest_route=\/wp\/v2\/posts\/2513\/revisions\/2527"}],"wp:attachment":[{"href":"https:\/\/www.ff-kolkwitz.de\/index.php?rest_route=%2Fwp%2Fv2%2Fmedia&parent=2513"}],"wp:term":[{"taxonomy":"category","embeddable":true,"href":"https:\/\/www.ff-kolkwitz.de\/index.php?rest_route=%2Fwp%2Fv2%2Fcategories&post=2513"},{"taxonomy":"post_tag","embeddable":true,"href":"https:\/\/www.ff-kolkwitz.de\/index.php?rest_route=%2Fwp%2Fv2%2Ftags&post=2513"}],"curies":[{"name":"wp","href":"https:\/\/api.w.org\/{rel}","templated":true}]}}