{"id":2825,"date":"2019-10-06T19:46:30","date_gmt":"2019-10-06T17:46:30","guid":{"rendered":"https:\/\/www.ff-kolkwitz.de\/?p=2825"},"modified":"2019-10-06T19:47:02","modified_gmt":"2019-10-06T17:47:02","slug":"ein-brandheisses-wochenende","status":"publish","type":"post","link":"https:\/\/www.ff-kolkwitz.de\/?p=2825","title":{"rendered":"Ein brandhei\u00dfes Wochenende"},"content":{"rendered":"<p>Es war ein Wochenende wie es selbst \u201egro\u00dfe\u201c Feuerwehrleute nur selten erleben: Ein Einsatz jagd den n\u00e4chsten, vom umgest\u00fcrzten Baum \u00fcber vollgelaufene Keller bis zum Wohnungsbrand mit vermissten Personen. Nur: Wer da aus dem Kolkwitzer Ger\u00e4tehaus zu den (simulierten) Eins\u00e4tzen ausr\u00fcckte, war die Jugendfeuerwehr. Die BetreuerInnen hatten sich einiges einfallen lassen, um die Kinder beim 6. Jugendausbildungslager zu besch\u00e4ftigen.<\/p>\n<p>Was genau die 10 Kinder und Jugendlichen am Wochenende vom 4. bis 6. Oktober genau erwarten w\u00fcrde, dass wussten sie nicht. Klar war aber: Jederzeit kann das Alarmzeichen ert\u00f6nen, gefolgt von der Durchsage aus der \u201eLeitstelle Kolkwitz\u201c. Die war \u00fcbers Wochenende im Wehrleiterzimmer eingerichtet. Ein Kamerad hatte dazu eigens eine Software programmiert, die \u00fcber im Ger\u00e4thaus verteilte Lautsprecher und Bildschirme die Einsatzinformationen liefern. Sogar ein Alarmfax kam aus dem Drucker, genauso wie bei den richtigen Eins\u00e4tzen.<\/p>\n<figure id=\"attachment_2832\" aria-describedby=\"caption-attachment-2832\" style=\"width: 850px\" class=\"wp-caption aligncenter\"><a href=\"https:\/\/www.ff-kolkwitz.de\/wp-content\/uploads\/2019\/10\/2019-AJL-009.jpg\" rel=\"lightbox[2825]\"><img loading=\"lazy\" decoding=\"async\" class=\"wp-image-2832 size-medium\" src=\"https:\/\/www.ff-kolkwitz.de\/wp-content\/uploads\/2019\/10\/2019-AJL-009-850x478.jpg\" alt=\"Einsatzinformation\" width=\"850\" height=\"478\" srcset=\"https:\/\/www.ff-kolkwitz.de\/wp-content\/uploads\/2019\/10\/2019-AJL-009-850x478.jpg 850w, https:\/\/www.ff-kolkwitz.de\/wp-content\/uploads\/2019\/10\/2019-AJL-009-250x141.jpg 250w, https:\/\/www.ff-kolkwitz.de\/wp-content\/uploads\/2019\/10\/2019-AJL-009-1200x675.jpg 1200w\" sizes=\"auto, (max-width: 850px) 100vw, 850px\" \/><\/a><figcaption id=\"caption-attachment-2832\" class=\"wp-caption-text\"><em>Wie bei richtigen Eins\u00e4tzen: Alarmart, -Ort, -Zeit und ben\u00f6tigte Fahrzeuge werden angezeigt<\/em><\/figcaption><\/figure>\n<p>Und die simulierten Eins\u00e4tze waren beeindruckend realistisch. Die Nebelmaschine kam zum Einsatz, echte Feuer wurden entfacht und kleinere B\u00e4ume lagen quer und mussten mit der Hands\u00e4ge entfernt werden. Der stellvertretende Ortswehrf\u00fchrer Ren\u00e9 Badack lie\u00df sogar seinen Keller fluten, damit die Jugendfeuerwehr das Wasser abpumpen konnte. Ein Einsatz, zu dem \u00fcbrigens auch das rbb Fernsehen mit ausr\u00fcckte, um \u00fcber das Ausbildungslager zu berichten. Der Reporter war beeindruckt, wieviel Aufwand die Kolkwitzer Ortswehr betreibt, um ihrer Jugend etwas zu bieten. Und wie organisiert und professionell diese die simulierten Eins\u00e4tze bew\u00e4ltigt.<\/p>\n<div id='gallery-1' class='gallery galleryid-2825 gallery-columns-2 gallery-size-thumbnail'><figure class='gallery-item'>\n\t\t\t<div class='gallery-icon landscape'>\n\t\t\t\t<a href='https:\/\/www.ff-kolkwitz.de\/?attachment_id=2834#main'><img loading=\"lazy\" decoding=\"async\" width=\"250\" height=\"141\" src=\"https:\/\/www.ff-kolkwitz.de\/wp-content\/uploads\/2019\/10\/2019-AJL-Sa002-250x141.jpg\" class=\"attachment-thumbnail size-thumbnail\" alt=\"\" aria-describedby=\"gallery-1-2834\" srcset=\"https:\/\/www.ff-kolkwitz.de\/wp-content\/uploads\/2019\/10\/2019-AJL-Sa002-250x141.jpg 250w, https:\/\/www.ff-kolkwitz.de\/wp-content\/uploads\/2019\/10\/2019-AJL-Sa002-850x478.jpg 850w, https:\/\/www.ff-kolkwitz.de\/wp-content\/uploads\/2019\/10\/2019-AJL-Sa002-1200x675.jpg 1200w\" sizes=\"auto, (max-width: 250px) 100vw, 250px\" \/><\/a>\n\t\t\t<\/div>\n\t\t\t\t<figcaption class='wp-caption-text gallery-caption' id='gallery-1-2834'>\n\t\t\t\tJugendwart Christian Otte im Interview\n\t\t\t\t<\/figcaption><\/figure><figure class='gallery-item'>\n\t\t\t<div class='gallery-icon landscape'>\n\t\t\t\t<a href='https:\/\/www.ff-kolkwitz.de\/?attachment_id=2829#main'><img loading=\"lazy\" decoding=\"async\" width=\"250\" height=\"141\" src=\"https:\/\/www.ff-kolkwitz.de\/wp-content\/uploads\/2019\/10\/2019-AJL-006-250x141.jpg\" class=\"attachment-thumbnail size-thumbnail\" alt=\"\" aria-describedby=\"gallery-1-2829\" srcset=\"https:\/\/www.ff-kolkwitz.de\/wp-content\/uploads\/2019\/10\/2019-AJL-006-250x141.jpg 250w, https:\/\/www.ff-kolkwitz.de\/wp-content\/uploads\/2019\/10\/2019-AJL-006-850x478.jpg 850w, https:\/\/www.ff-kolkwitz.de\/wp-content\/uploads\/2019\/10\/2019-AJL-006-1200x675.jpg 1200w\" sizes=\"auto, (max-width: 250px) 100vw, 250px\" \/><\/a>\n\t\t\t<\/div>\n\t\t\t\t<figcaption class='wp-caption-text gallery-caption' id='gallery-1-2829'>\n\t\t\t\tVor Ort wird das Vorgehen besprochen\n\t\t\t\t<\/figcaption><\/figure><figure class='gallery-item'>\n\t\t\t<div class='gallery-icon landscape'>\n\t\t\t\t<a href='https:\/\/www.ff-kolkwitz.de\/?attachment_id=2833#main'><img loading=\"lazy\" decoding=\"async\" width=\"250\" height=\"141\" src=\"https:\/\/www.ff-kolkwitz.de\/wp-content\/uploads\/2019\/10\/2019-AJL-Sa001-250x141.jpg\" class=\"attachment-thumbnail size-thumbnail\" alt=\"\" aria-describedby=\"gallery-1-2833\" srcset=\"https:\/\/www.ff-kolkwitz.de\/wp-content\/uploads\/2019\/10\/2019-AJL-Sa001-250x141.jpg 250w, https:\/\/www.ff-kolkwitz.de\/wp-content\/uploads\/2019\/10\/2019-AJL-Sa001-850x478.jpg 850w, https:\/\/www.ff-kolkwitz.de\/wp-content\/uploads\/2019\/10\/2019-AJL-Sa001-1200x675.jpg 1200w\" sizes=\"auto, (max-width: 250px) 100vw, 250px\" \/><\/a>\n\t\t\t<\/div>\n\t\t\t\t<figcaption class='wp-caption-text gallery-caption' id='gallery-1-2833'>\n\t\t\t\tAlle wissen, was sie zu tun haben\n\t\t\t\t<\/figcaption><\/figure><figure class='gallery-item'>\n\t\t\t<div class='gallery-icon landscape'>\n\t\t\t\t<a href='https:\/\/www.ff-kolkwitz.de\/?attachment_id=2831#main'><img loading=\"lazy\" decoding=\"async\" width=\"250\" height=\"141\" src=\"https:\/\/www.ff-kolkwitz.de\/wp-content\/uploads\/2019\/10\/2019-AJL-008-250x141.jpg\" class=\"attachment-thumbnail size-thumbnail\" alt=\"\" aria-describedby=\"gallery-1-2831\" srcset=\"https:\/\/www.ff-kolkwitz.de\/wp-content\/uploads\/2019\/10\/2019-AJL-008-250x141.jpg 250w, https:\/\/www.ff-kolkwitz.de\/wp-content\/uploads\/2019\/10\/2019-AJL-008-850x478.jpg 850w, https:\/\/www.ff-kolkwitz.de\/wp-content\/uploads\/2019\/10\/2019-AJL-008-1200x675.jpg 1200w\" sizes=\"auto, (max-width: 250px) 100vw, 250px\" \/><\/a>\n\t\t\t<\/div>\n\t\t\t\t<figcaption class='wp-caption-text gallery-caption' id='gallery-1-2831'>\n\t\t\t\tDas Wasser ist aus dem Keller gepumpt. Die letzten Tropfen werden zusammengeschoben\n\t\t\t\t<\/figcaption><\/figure>\n\t\t<\/div>\n\n<p>Wenn es gerade keine Eins\u00e4tze gab, wurde es den Jungs und M\u00e4dchen allerdings auch nicht langweilig. Kickertisch und Tischtennisplatte sorgte f\u00fcr Zerstreuung, ein Orientierungslauf und ein sogenannter Stationsbetrieb f\u00fcr die zus\u00e4tzliche Herausforderung. An verschiedenen Stationen mussten die Gruppen ihr Feuerwehrwissen in Theorie und Praxis beweisen. Und das sitzt: Die beste Gruppe erzielte 32 von 33 m\u00f6glichen Punkten.<\/p>\n<p>Um den Ausbildungsstand der Kolkwitzer Jugendfeuerwehr muss sich also niemand Sorgen machen. Und so war es kein Wunder dass nach 3 spannenden, aber auch anstrengenden Tagen so mancher Ruf nach einer Verl\u00e4ngerung des Lagers erschallte. Aber jetzt haben Jugendliche und Betreuer erstmal 2 Wochen Zeit, sich zu entspannen. Erst nach den Ferien geht die Ausbildung wieder los.<\/p>\n<p>Wir bedanken uns bei allen Eltern, allen BetreuerInnen, der Gemeinde Kolkwitz und dem Bauhof Kolkwitz f\u00fcr die Unterst\u00fctzung und freuen uns auf das Ausbildungslager 2020!<\/p>\n<div id='gallery-2' class='gallery galleryid-2825 gallery-columns-3 gallery-size-thumbnail'><figure class='gallery-item'>\n\t\t\t<div class='gallery-icon landscape'>\n\t\t\t\t<a href='https:\/\/www.ff-kolkwitz.de\/?attachment_id=2832#main'><img loading=\"lazy\" decoding=\"async\" width=\"250\" height=\"141\" src=\"https:\/\/www.ff-kolkwitz.de\/wp-content\/uploads\/2019\/10\/2019-AJL-009-250x141.jpg\" class=\"attachment-thumbnail size-thumbnail\" alt=\"Einsatzinformation\" aria-describedby=\"gallery-2-2832\" srcset=\"https:\/\/www.ff-kolkwitz.de\/wp-content\/uploads\/2019\/10\/2019-AJL-009-250x141.jpg 250w, https:\/\/www.ff-kolkwitz.de\/wp-content\/uploads\/2019\/10\/2019-AJL-009-850x478.jpg 850w, https:\/\/www.ff-kolkwitz.de\/wp-content\/uploads\/2019\/10\/2019-AJL-009-1200x675.jpg 1200w\" sizes=\"auto, (max-width: 250px) 100vw, 250px\" \/><\/a>\n\t\t\t<\/div>\n\t\t\t\t<figcaption class='wp-caption-text gallery-caption' id='gallery-2-2832'>\n\t\t\t\tWie bei richtigen Eins\u00e4tzen: Alarmart, -Ort, -Zeit und ben\u00f6tigte Fahrzeuge werden angezeigt\n\t\t\t\t<\/figcaption><\/figure><figure class='gallery-item'>\n\t\t\t<div class='gallery-icon landscape'>\n\t\t\t\t<a href='https:\/\/www.ff-kolkwitz.de\/?attachment_id=2829#main'><img loading=\"lazy\" decoding=\"async\" width=\"250\" height=\"141\" src=\"https:\/\/www.ff-kolkwitz.de\/wp-content\/uploads\/2019\/10\/2019-AJL-006-250x141.jpg\" class=\"attachment-thumbnail size-thumbnail\" alt=\"\" aria-describedby=\"gallery-2-2829\" srcset=\"https:\/\/www.ff-kolkwitz.de\/wp-content\/uploads\/2019\/10\/2019-AJL-006-250x141.jpg 250w, https:\/\/www.ff-kolkwitz.de\/wp-content\/uploads\/2019\/10\/2019-AJL-006-850x478.jpg 850w, https:\/\/www.ff-kolkwitz.de\/wp-content\/uploads\/2019\/10\/2019-AJL-006-1200x675.jpg 1200w\" sizes=\"auto, (max-width: 250px) 100vw, 250px\" \/><\/a>\n\t\t\t<\/div>\n\t\t\t\t<figcaption class='wp-caption-text gallery-caption' id='gallery-2-2829'>\n\t\t\t\tVor Ort wird das Vorgehen besprochen\n\t\t\t\t<\/figcaption><\/figure><figure class='gallery-item'>\n\t\t\t<div class='gallery-icon landscape'>\n\t\t\t\t<a href='https:\/\/www.ff-kolkwitz.de\/?attachment_id=2834#main'><img loading=\"lazy\" decoding=\"async\" width=\"250\" height=\"141\" src=\"https:\/\/www.ff-kolkwitz.de\/wp-content\/uploads\/2019\/10\/2019-AJL-Sa002-250x141.jpg\" class=\"attachment-thumbnail size-thumbnail\" alt=\"\" aria-describedby=\"gallery-2-2834\" srcset=\"https:\/\/www.ff-kolkwitz.de\/wp-content\/uploads\/2019\/10\/2019-AJL-Sa002-250x141.jpg 250w, https:\/\/www.ff-kolkwitz.de\/wp-content\/uploads\/2019\/10\/2019-AJL-Sa002-850x478.jpg 850w, https:\/\/www.ff-kolkwitz.de\/wp-content\/uploads\/2019\/10\/2019-AJL-Sa002-1200x675.jpg 1200w\" sizes=\"auto, (max-width: 250px) 100vw, 250px\" \/><\/a>\n\t\t\t<\/div>\n\t\t\t\t<figcaption class='wp-caption-text gallery-caption' id='gallery-2-2834'>\n\t\t\t\tJugendwart Christian Otte im Interview\n\t\t\t\t<\/figcaption><\/figure><figure class='gallery-item'>\n\t\t\t<div class='gallery-icon landscape'>\n\t\t\t\t<a href='https:\/\/www.ff-kolkwitz.de\/?attachment_id=2833#main'><img loading=\"lazy\" decoding=\"async\" width=\"250\" height=\"141\" src=\"https:\/\/www.ff-kolkwitz.de\/wp-content\/uploads\/2019\/10\/2019-AJL-Sa001-250x141.jpg\" class=\"attachment-thumbnail size-thumbnail\" alt=\"\" aria-describedby=\"gallery-2-2833\" srcset=\"https:\/\/www.ff-kolkwitz.de\/wp-content\/uploads\/2019\/10\/2019-AJL-Sa001-250x141.jpg 250w, https:\/\/www.ff-kolkwitz.de\/wp-content\/uploads\/2019\/10\/2019-AJL-Sa001-850x478.jpg 850w, https:\/\/www.ff-kolkwitz.de\/wp-content\/uploads\/2019\/10\/2019-AJL-Sa001-1200x675.jpg 1200w\" sizes=\"auto, (max-width: 250px) 100vw, 250px\" \/><\/a>\n\t\t\t<\/div>\n\t\t\t\t<figcaption class='wp-caption-text gallery-caption' id='gallery-2-2833'>\n\t\t\t\tAlle wissen, was sie zu tun haben\n\t\t\t\t<\/figcaption><\/figure><figure class='gallery-item'>\n\t\t\t<div class='gallery-icon landscape'>\n\t\t\t\t<a href='https:\/\/www.ff-kolkwitz.de\/?attachment_id=2830#main'><img loading=\"lazy\" decoding=\"async\" width=\"250\" height=\"141\" src=\"https:\/\/www.ff-kolkwitz.de\/wp-content\/uploads\/2019\/10\/2019-AJL-007-250x141.jpg\" class=\"attachment-thumbnail size-thumbnail\" alt=\"\" aria-describedby=\"gallery-2-2830\" srcset=\"https:\/\/www.ff-kolkwitz.de\/wp-content\/uploads\/2019\/10\/2019-AJL-007-250x141.jpg 250w, https:\/\/www.ff-kolkwitz.de\/wp-content\/uploads\/2019\/10\/2019-AJL-007-850x478.jpg 850w, https:\/\/www.ff-kolkwitz.de\/wp-content\/uploads\/2019\/10\/2019-AJL-007-1200x675.jpg 1200w\" sizes=\"auto, (max-width: 250px) 100vw, 250px\" \/><\/a>\n\t\t\t<\/div>\n\t\t\t\t<figcaption class='wp-caption-text gallery-caption' id='gallery-2-2830'>\n\t\t\t\tGanz wichtig: Die Einsatzstelle absichern!\n\t\t\t\t<\/figcaption><\/figure><figure class='gallery-item'>\n\t\t\t<div class='gallery-icon landscape'>\n\t\t\t\t<a href='https:\/\/www.ff-kolkwitz.de\/?attachment_id=2831#main'><img loading=\"lazy\" decoding=\"async\" width=\"250\" height=\"141\" src=\"https:\/\/www.ff-kolkwitz.de\/wp-content\/uploads\/2019\/10\/2019-AJL-008-250x141.jpg\" class=\"attachment-thumbnail size-thumbnail\" alt=\"\" aria-describedby=\"gallery-2-2831\" srcset=\"https:\/\/www.ff-kolkwitz.de\/wp-content\/uploads\/2019\/10\/2019-AJL-008-250x141.jpg 250w, https:\/\/www.ff-kolkwitz.de\/wp-content\/uploads\/2019\/10\/2019-AJL-008-850x478.jpg 850w, https:\/\/www.ff-kolkwitz.de\/wp-content\/uploads\/2019\/10\/2019-AJL-008-1200x675.jpg 1200w\" sizes=\"auto, (max-width: 250px) 100vw, 250px\" \/><\/a>\n\t\t\t<\/div>\n\t\t\t\t<figcaption class='wp-caption-text gallery-caption' id='gallery-2-2831'>\n\t\t\t\tDas Wasser ist aus dem Keller gepumpt. Die letzten Tropfen werden zusammengeschoben\n\t\t\t\t<\/figcaption><\/figure><figure class='gallery-item'>\n\t\t\t<div class='gallery-icon landscape'>\n\t\t\t\t<a href='https:\/\/www.ff-kolkwitz.de\/?attachment_id=2827#main'><img loading=\"lazy\" decoding=\"async\" width=\"250\" height=\"141\" src=\"https:\/\/www.ff-kolkwitz.de\/wp-content\/uploads\/2019\/10\/2019-AJL-004-250x141.jpg\" class=\"attachment-thumbnail size-thumbnail\" alt=\"\" aria-describedby=\"gallery-2-2827\" srcset=\"https:\/\/www.ff-kolkwitz.de\/wp-content\/uploads\/2019\/10\/2019-AJL-004-250x141.jpg 250w, https:\/\/www.ff-kolkwitz.de\/wp-content\/uploads\/2019\/10\/2019-AJL-004-850x478.jpg 850w, https:\/\/www.ff-kolkwitz.de\/wp-content\/uploads\/2019\/10\/2019-AJL-004-768x432.jpg 768w, https:\/\/www.ff-kolkwitz.de\/wp-content\/uploads\/2019\/10\/2019-AJL-004-1200x675.jpg 1200w\" sizes=\"auto, (max-width: 250px) 100vw, 250px\" \/><\/a>\n\t\t\t<\/div>\n\t\t\t\t<figcaption class='wp-caption-text gallery-caption' id='gallery-2-2827'>\n\t\t\t\tB\u00e4ume entfernen geht nicht nur mit der Kettens\u00e4ge\n\t\t\t\t<\/figcaption><\/figure><figure class='gallery-item'>\n\t\t\t<div class='gallery-icon landscape'>\n\t\t\t\t<a href='https:\/\/www.ff-kolkwitz.de\/?attachment_id=2828#main'><img loading=\"lazy\" decoding=\"async\" width=\"250\" height=\"141\" src=\"https:\/\/www.ff-kolkwitz.de\/wp-content\/uploads\/2019\/10\/2019-AJL-005-250x141.jpg\" class=\"attachment-thumbnail size-thumbnail\" alt=\"\" aria-describedby=\"gallery-2-2828\" srcset=\"https:\/\/www.ff-kolkwitz.de\/wp-content\/uploads\/2019\/10\/2019-AJL-005-250x141.jpg 250w, https:\/\/www.ff-kolkwitz.de\/wp-content\/uploads\/2019\/10\/2019-AJL-005-850x478.jpg 850w, https:\/\/www.ff-kolkwitz.de\/wp-content\/uploads\/2019\/10\/2019-AJL-005-768x432.jpg 768w, https:\/\/www.ff-kolkwitz.de\/wp-content\/uploads\/2019\/10\/2019-AJL-005-1200x675.jpg 1200w\" sizes=\"auto, (max-width: 250px) 100vw, 250px\" \/><\/a>\n\t\t\t<\/div>\n\t\t\t\t<figcaption class='wp-caption-text gallery-caption' id='gallery-2-2828'>\n\t\t\t\tNat\u00fcrlich gab es auch viel zu l\u00f6schen.\n\t\t\t\t<\/figcaption><\/figure><figure class='gallery-item'>\n\t\t\t<div class='gallery-icon landscape'>\n\t\t\t\t<a href='https:\/\/www.ff-kolkwitz.de\/?attachment_id=2826#main'><img loading=\"lazy\" decoding=\"async\" width=\"250\" height=\"141\" src=\"https:\/\/www.ff-kolkwitz.de\/wp-content\/uploads\/2019\/10\/2019-AJL-003-250x141.jpg\" class=\"attachment-thumbnail size-thumbnail\" alt=\"\" aria-describedby=\"gallery-2-2826\" srcset=\"https:\/\/www.ff-kolkwitz.de\/wp-content\/uploads\/2019\/10\/2019-AJL-003-250x141.jpg 250w, https:\/\/www.ff-kolkwitz.de\/wp-content\/uploads\/2019\/10\/2019-AJL-003-850x478.jpg 850w, https:\/\/www.ff-kolkwitz.de\/wp-content\/uploads\/2019\/10\/2019-AJL-003-768x432.jpg 768w, https:\/\/www.ff-kolkwitz.de\/wp-content\/uploads\/2019\/10\/2019-AJL-003-1200x675.jpg 1200w\" sizes=\"auto, (max-width: 250px) 100vw, 250px\" \/><\/a>\n\t\t\t<\/div>\n\t\t\t\t<figcaption class='wp-caption-text gallery-caption' id='gallery-2-2826'>\n\t\t\t\tDer stellvertretende Gemeindewehrf\u00fchrer Ralf Pujo hat St\u00e4rkung mitgebracht\n\t\t\t\t<\/figcaption><\/figure>\n\t\t<\/div>\n\n<p>Fotos: Sascha Erler, Michelle Quapil<\/p>\n","protected":false},"excerpt":{"rendered":"<p>Es war ein Wochenende wie es selbst \u201egro\u00dfe\u201c Feuerwehrleute nur selten erleben: Ein Einsatz jagd [&hellip;]<\/p>\n","protected":false},"author":1,"featured_media":2828,"comment_status":"open","ping_status":"open","sticky":false,"template":"","format":"standard","meta":{"footnotes":""},"categories":[48,18,17,19],"tags":[],"class_list":["post-2825","post","type-post","status-publish","format-standard","has-post-thumbnail","hentry","category-ausbildung","category-jugendfeuerwehr","category-kokwitz","category-neues"],"_links":{"self":[{"href":"https:\/\/www.ff-kolkwitz.de\/index.php?rest_route=\/wp\/v2\/posts\/2825","targetHints":{"allow":["GET"]}}],"collection":[{"href":"https:\/\/www.ff-kolkwitz.de\/index.php?rest_route=\/wp\/v2\/posts"}],"about":[{"href":"https:\/\/www.ff-kolkwitz.de\/index.php?rest_route=\/wp\/v2\/types\/post"}],"author":[{"embeddable":true,"href":"https:\/\/www.ff-kolkwitz.de\/index.php?rest_route=\/wp\/v2\/users\/1"}],"replies":[{"embeddable":true,"href":"https:\/\/www.ff-kolkwitz.de\/index.php?rest_route=%2Fwp%2Fv2%2Fcomments&post=2825"}],"version-history":[{"count":1,"href":"https:\/\/www.ff-kolkwitz.de\/index.php?rest_route=\/wp\/v2\/posts\/2825\/revisions"}],"predecessor-version":[{"id":2835,"href":"https:\/\/www.ff-kolkwitz.de\/index.php?rest_route=\/wp\/v2\/posts\/2825\/revisions\/2835"}],"wp:featuredmedia":[{"embeddable":true,"href":"https:\/\/www.ff-kolkwitz.de\/index.php?rest_route=\/wp\/v2\/media\/2828"}],"wp:attachment":[{"href":"https:\/\/www.ff-kolkwitz.de\/index.php?rest_route=%2Fwp%2Fv2%2Fmedia&parent=2825"}],"wp:term":[{"taxonomy":"category","embeddable":true,"href":"https:\/\/www.ff-kolkwitz.de\/index.php?rest_route=%2Fwp%2Fv2%2Fcategories&post=2825"},{"taxonomy":"post_tag","embeddable":true,"href":"https:\/\/www.ff-kolkwitz.de\/index.php?rest_route=%2Fwp%2Fv2%2Ftags&post=2825"}],"curies":[{"name":"wp","href":"https:\/\/api.w.org\/{rel}","templated":true}]}}