{"id":283,"date":"2015-03-03T10:50:05","date_gmt":"2015-03-03T09:50:05","guid":{"rendered":"http:\/\/www.ffw-kolkwitz.de\/?p=283"},"modified":"2015-03-03T10:50:05","modified_gmt":"2015-03-03T09:50:05","slug":"ergebnisse-atemschutzlehrgang","status":"publish","type":"post","link":"https:\/\/www.ff-kolkwitz.de\/?p=283","title":{"rendered":"Ergebnisse Atemschutzlehrgang"},"content":{"rendered":"<p><a href=\"https:\/\/www.ff-kolkwitz.de\/wp-content\/uploads\/2015\/03\/fire-347487_1280.jpg\" rel=\"lightbox[283]\"><img loading=\"lazy\" decoding=\"async\" class=\"aligncenter size-large wp-image-284\" src=\"https:\/\/www.ff-kolkwitz.de\/wp-content\/uploads\/2015\/03\/fire-347487_1280-1024x681.jpg\" alt=\"fire-347487_1280\" width=\"565\" height=\"376\" srcset=\"https:\/\/www.ff-kolkwitz.de\/wp-content\/uploads\/2015\/03\/fire-347487_1280-1024x681.jpg 1024w, https:\/\/www.ff-kolkwitz.de\/wp-content\/uploads\/2015\/03\/fire-347487_1280-300x199.jpg 300w, https:\/\/www.ff-kolkwitz.de\/wp-content\/uploads\/2015\/03\/fire-347487_1280-150x100.jpg 150w, https:\/\/www.ff-kolkwitz.de\/wp-content\/uploads\/2015\/03\/fire-347487_1280.jpg 1280w\" sizes=\"auto, (max-width: 565px) 100vw, 565px\" \/><\/a><\/p>\n<p>Im Februar haben sich 15 Kameradinnen und Kameraden der Gro\u00dfgemeinde zu Atemschutzger\u00e4tetr\u00e4gern ausbilden lassen.<\/p>\n<p>Dabei lernten sie, die Ger\u00e4te zu Pr\u00fcfen, richtig anzulegen und nat\u00fcrlich auch die Richtlinien zum Arbeiten unter Atemschutz. Zum Abschlu\u00df ging es dann in die \u00dcbungsstrecke, wo das Gelernte unter realistischen Bedingungen umgesetzt werden musste.<\/p>\n<p>Nat\u00fcrlich gab es auch eine Abschlu\u00dfpr\u00fcfung und die Kameradinnen und Kameraden sind nat\u00fcrlich gespannt, wie sie abgeschnitten haben. Hier die Ergebnisse:<\/p>\n<p><em>(Aus Datenschutzgr\u00fcnden wurde der Name durch die Teilnehmernummer getauscht)<\/em><\/p>\n<p>1) 60<br \/>\n2) 62<br \/>\n3) 57<br \/>\n4) 63<br \/>\n5) 61<br \/>\n6) 45<br \/>\n7) 59<br \/>\n8) 52<br \/>\n9) 62<br \/>\n10) 58<br \/>\n11) 61<br \/>\n12) 56<br \/>\n13) 54<br \/>\n14) 64<br \/>\n15) 57<\/p>\n<p>Wir gratulieren zur bestandenen Pr\u00fcfung und freuen uns, im Einsatzfall noch mehr Verst\u00e4rkung zu haben!<\/p>\n","protected":false},"excerpt":{"rendered":"<p>Im Februar haben sich 15 Kameradinnen und Kameraden der Gro\u00dfgemeinde zu Atemschutzger\u00e4tetr\u00e4gern ausbilden lassen. Dabei [&hellip;]<\/p>\n","protected":false},"author":1,"featured_media":0,"comment_status":"open","ping_status":"open","sticky":false,"template":"","format":"standard","meta":{"footnotes":""},"categories":[48,16],"tags":[],"class_list":["post-283","post","type-post","status-publish","format-standard","hentry","category-ausbildung","category-internes"],"_links":{"self":[{"href":"https:\/\/www.ff-kolkwitz.de\/index.php?rest_route=\/wp\/v2\/posts\/283","targetHints":{"allow":["GET"]}}],"collection":[{"href":"https:\/\/www.ff-kolkwitz.de\/index.php?rest_route=\/wp\/v2\/posts"}],"about":[{"href":"https:\/\/www.ff-kolkwitz.de\/index.php?rest_route=\/wp\/v2\/types\/post"}],"author":[{"embeddable":true,"href":"https:\/\/www.ff-kolkwitz.de\/index.php?rest_route=\/wp\/v2\/users\/1"}],"replies":[{"embeddable":true,"href":"https:\/\/www.ff-kolkwitz.de\/index.php?rest_route=%2Fwp%2Fv2%2Fcomments&post=283"}],"version-history":[{"count":1,"href":"https:\/\/www.ff-kolkwitz.de\/index.php?rest_route=\/wp\/v2\/posts\/283\/revisions"}],"predecessor-version":[{"id":285,"href":"https:\/\/www.ff-kolkwitz.de\/index.php?rest_route=\/wp\/v2\/posts\/283\/revisions\/285"}],"wp:attachment":[{"href":"https:\/\/www.ff-kolkwitz.de\/index.php?rest_route=%2Fwp%2Fv2%2Fmedia&parent=283"}],"wp:term":[{"taxonomy":"category","embeddable":true,"href":"https:\/\/www.ff-kolkwitz.de\/index.php?rest_route=%2Fwp%2Fv2%2Fcategories&post=283"},{"taxonomy":"post_tag","embeddable":true,"href":"https:\/\/www.ff-kolkwitz.de\/index.php?rest_route=%2Fwp%2Fv2%2Ftags&post=283"}],"curies":[{"name":"wp","href":"https:\/\/api.w.org\/{rel}","templated":true}]}}