{"id":3174,"date":"2020-08-16T13:34:31","date_gmt":"2020-08-16T11:34:31","guid":{"rendered":"https:\/\/www.ff-kolkwitz.de\/?p=3174"},"modified":"2020-08-16T13:35:59","modified_gmt":"2020-08-16T11:35:59","slug":"feierstunde-statt-jubilaeum","status":"publish","type":"post","link":"https:\/\/www.ff-kolkwitz.de\/?p=3174","title":{"rendered":"Feierstunde statt Jubil\u00e4um"},"content":{"rendered":"<p>Urspr\u00fcnglich war am 15. August unsere gro\u00dfe Feier zum 110j\u00e4hrigen Bestehen der Ortswehr Kolkwitz geplant. Mit Festumzug und gro\u00dfem Feuerwehrball am Abend. Dann hat Corona den Feierlichkeiten bekanntlich einen Strich durch die Rechnung gemacht. Doch so ganz unbeachtet wollten wir unser Jubil\u00e4um dann doch nicht verstreichen lassen und haben uns im kleineren Rahmen getroffen.<\/p>\n<figure id=\"attachment_3176\" aria-describedby=\"caption-attachment-3176\" style=\"width: 850px\" class=\"wp-caption aligncenter\"><img loading=\"lazy\" decoding=\"async\" class=\"wp-image-3176 size-medium\" src=\"https:\/\/www.ff-kolkwitz.de\/wp-content\/uploads\/2020\/08\/Gedenken-850x478.jpg\" alt=\"\" width=\"850\" height=\"478\" srcset=\"https:\/\/www.ff-kolkwitz.de\/wp-content\/uploads\/2020\/08\/Gedenken-850x478.jpg 850w, https:\/\/www.ff-kolkwitz.de\/wp-content\/uploads\/2020\/08\/Gedenken-1200x675.jpg 1200w, https:\/\/www.ff-kolkwitz.de\/wp-content\/uploads\/2020\/08\/Gedenken-250x141.jpg 250w, https:\/\/www.ff-kolkwitz.de\/wp-content\/uploads\/2020\/08\/Gedenken-768x432.jpg 768w, https:\/\/www.ff-kolkwitz.de\/wp-content\/uploads\/2020\/08\/Gedenken-1536x864.jpg 1536w, https:\/\/www.ff-kolkwitz.de\/wp-content\/uploads\/2020\/08\/Gedenken.jpg 2013w\" sizes=\"auto, (max-width: 850px) 100vw, 850px\" \/><figcaption id=\"caption-attachment-3176\" class=\"wp-caption-text\">Erinnern am Gedenkstein<\/figcaption><\/figure>\n<p>Bei einer Kranzniederlegung am Gedenkstein gedachten wir den versorbenen Kameradinnen und Kameraden. Leider haben wir erst letzten Monat ein weiteres Mitglied der Feuerwehrfamilie verloren<\/p>\n<h3 style=\"text-align: center;\"><strong>Haupl\u00f6schmeister <\/strong><\/h3>\n<h3 style=\"text-align: center;\"><strong>Ernst Donath<\/strong><\/h3>\n<figure id=\"attachment_3175\" aria-describedby=\"caption-attachment-3175\" style=\"width: 482px\" class=\"wp-caption aligncenter\"><img loading=\"lazy\" decoding=\"async\" class=\"wp-image-3175 size-full\" src=\"https:\/\/www.ff-kolkwitz.de\/wp-content\/uploads\/2020\/08\/Donath.jpg\" alt=\"\" width=\"482\" height=\"554\" \/><figcaption id=\"caption-attachment-3175\" class=\"wp-caption-text\">Bei der Verleihung zu 70 Jahre treue Dienste im Dezember 2018<\/figcaption><\/figure>\n<p>Ihm wurde mit einer Schweigeminute gedacht.<\/p>\n<p>Anl\u00e4sslich des 110j\u00e4hrigen Bestehens der Ortswehr rief Gemeindebrandmeister Steffen Theiler die Anf\u00e4nge ins Ged\u00e4chtnis: 1910 zogen die Kameraden noch mit geliehenen Pferden und Kutsche los,nach dem zweiten Weltkrieg gab es wieder einen kompletten Neuanfang. Erst in den 1960ern bekam unsere Feuerwehr das erste &#8220;richtige&#8221; L\u00f6schfahrzeug und hat seitdem technisch und baulich immer wieder aufger\u00fcstet, so dass sie zu der schlagkr\u00e4ftigen Truppe wurde, die sie heute ist. Das geht nat\u00fcrlich nicht nur mit Technik sondern liegt vor allen Dingen an den Menschen, die sie bedienen. Steffen Theiler dankte deshalb noch einmal namentlich allen Kameraden, die die Ortswehr in den letzten Jahrzehnten geleitet haben.<\/p>\n<ul>\n<li>Kam B\u00f6tcher (1910-1945)<\/li>\n<li>Kam Schorock (1945-1950)<\/li>\n<li>Kam Ragutze (1950-1970)<\/li>\n<li>Kam Ernst Pujo (1970-1990)<\/li>\n<li>Kam Michael Sommer (1990-2000)<\/li>\n<li>Kam Ralf Pujo (2000-2018)<\/li>\n<li>Kam Marco Kunisch (seit 2018)<\/li>\n<\/ul>\n<p class=\"western\">Das gro\u00dfe Jubil\u00e4um ist allerdings nicht aufgehoben, sondern aufgeschoben. Die Ortswehrf\u00fchrung hat sich darauf verst\u00e4ndigt, die Feierlichkeiten im <strong>112 Gr\u00fcndungsjahr<\/strong> nachzuholen.<\/p>\n<p class=\"western\">Streicht Euch also den <strong>13. August 2022<\/strong> feuerwehrrot im Kalender an!<\/p>\n","protected":false},"excerpt":{"rendered":"<p>Urspr\u00fcnglich war am 15. August unsere gro\u00dfe Feier zum 110j\u00e4hrigen Bestehen der Ortswehr Kolkwitz geplant. [&hellip;]<\/p>\n","protected":false},"author":1,"featured_media":0,"comment_status":"open","ping_status":"open","sticky":false,"template":"","format":"standard","meta":{"footnotes":""},"categories":[1,17,19],"tags":[217,92],"class_list":["post-3174","post","type-post","status-publish","format-standard","hentry","category-allgemein","category-kokwitz","category-neues","tag-217","tag-jubilaeum"],"_links":{"self":[{"href":"https:\/\/www.ff-kolkwitz.de\/index.php?rest_route=\/wp\/v2\/posts\/3174","targetHints":{"allow":["GET"]}}],"collection":[{"href":"https:\/\/www.ff-kolkwitz.de\/index.php?rest_route=\/wp\/v2\/posts"}],"about":[{"href":"https:\/\/www.ff-kolkwitz.de\/index.php?rest_route=\/wp\/v2\/types\/post"}],"author":[{"embeddable":true,"href":"https:\/\/www.ff-kolkwitz.de\/index.php?rest_route=\/wp\/v2\/users\/1"}],"replies":[{"embeddable":true,"href":"https:\/\/www.ff-kolkwitz.de\/index.php?rest_route=%2Fwp%2Fv2%2Fcomments&post=3174"}],"version-history":[{"count":4,"href":"https:\/\/www.ff-kolkwitz.de\/index.php?rest_route=\/wp\/v2\/posts\/3174\/revisions"}],"predecessor-version":[{"id":3180,"href":"https:\/\/www.ff-kolkwitz.de\/index.php?rest_route=\/wp\/v2\/posts\/3174\/revisions\/3180"}],"wp:attachment":[{"href":"https:\/\/www.ff-kolkwitz.de\/index.php?rest_route=%2Fwp%2Fv2%2Fmedia&parent=3174"}],"wp:term":[{"taxonomy":"category","embeddable":true,"href":"https:\/\/www.ff-kolkwitz.de\/index.php?rest_route=%2Fwp%2Fv2%2Fcategories&post=3174"},{"taxonomy":"post_tag","embeddable":true,"href":"https:\/\/www.ff-kolkwitz.de\/index.php?rest_route=%2Fwp%2Fv2%2Ftags&post=3174"}],"curies":[{"name":"wp","href":"https:\/\/api.w.org\/{rel}","templated":true}]}}