{"id":343,"date":"2015-03-08T20:21:12","date_gmt":"2015-03-08T19:21:12","guid":{"rendered":"http:\/\/www.ffw-kolkwitz.de\/?p=343"},"modified":"2015-03-08T20:21:12","modified_gmt":"2015-03-08T19:21:12","slug":"waldbrandgefahr-steigt","status":"publish","type":"post","link":"https:\/\/www.ff-kolkwitz.de\/?p=343","title":{"rendered":"Waldbrandgefahr steigt"},"content":{"rendered":"<p>Es ist eigentlich kaum zu glauben f\u00fcr Anfang M\u00e4rz, aber wir haben im Spree-Nei\u00dfe-Kreis bereits die Waldbrandwarnstufe 3 &#8211; mittlere Gefahr.<\/p>\n<p>Beachten Sie das bitte, wenn Sie in den Wald gehen oder zu Hause ein Feuer entz\u00fcnden.<\/p>\n<p>&nbsp;<br \/>\n<iframe loading=\"lazy\" src=\"http:\/\/www.mlul.brandenburg.de\/wgs\/karte_if\" width=\"480\" height=\"620\" name=\"Waldbrandgefahrenstufen\"><\/p>\n<p>Sie k\u00f6nnen die eingebettete Seite \u00fcber den folgenden Verweis aufrufen: <a href=\"http:\/\/www.mlul.brandenburg.de\/wgs\/karte\">Waldbrandgefahrenstufen<\/a><\/p>\n<p><\/iframe><\/p>\n","protected":false},"excerpt":{"rendered":"<p>Es ist eigentlich kaum zu glauben f\u00fcr Anfang M\u00e4rz, aber wir haben im Spree-Nei\u00dfe-Kreis bereits [&hellip;]<\/p>\n","protected":false},"author":1,"featured_media":0,"comment_status":"open","ping_status":"open","sticky":false,"template":"","format":"standard","meta":{"footnotes":""},"categories":[1],"tags":[],"class_list":["post-343","post","type-post","status-publish","format-standard","hentry","category-allgemein"],"_links":{"self":[{"href":"https:\/\/www.ff-kolkwitz.de\/index.php?rest_route=\/wp\/v2\/posts\/343","targetHints":{"allow":["GET"]}}],"collection":[{"href":"https:\/\/www.ff-kolkwitz.de\/index.php?rest_route=\/wp\/v2\/posts"}],"about":[{"href":"https:\/\/www.ff-kolkwitz.de\/index.php?rest_route=\/wp\/v2\/types\/post"}],"author":[{"embeddable":true,"href":"https:\/\/www.ff-kolkwitz.de\/index.php?rest_route=\/wp\/v2\/users\/1"}],"replies":[{"embeddable":true,"href":"https:\/\/www.ff-kolkwitz.de\/index.php?rest_route=%2Fwp%2Fv2%2Fcomments&post=343"}],"version-history":[{"count":1,"href":"https:\/\/www.ff-kolkwitz.de\/index.php?rest_route=\/wp\/v2\/posts\/343\/revisions"}],"predecessor-version":[{"id":344,"href":"https:\/\/www.ff-kolkwitz.de\/index.php?rest_route=\/wp\/v2\/posts\/343\/revisions\/344"}],"wp:attachment":[{"href":"https:\/\/www.ff-kolkwitz.de\/index.php?rest_route=%2Fwp%2Fv2%2Fmedia&parent=343"}],"wp:term":[{"taxonomy":"category","embeddable":true,"href":"https:\/\/www.ff-kolkwitz.de\/index.php?rest_route=%2Fwp%2Fv2%2Fcategories&post=343"},{"taxonomy":"post_tag","embeddable":true,"href":"https:\/\/www.ff-kolkwitz.de\/index.php?rest_route=%2Fwp%2Fv2%2Ftags&post=343"}],"curies":[{"name":"wp","href":"https:\/\/api.w.org\/{rel}","templated":true}]}}