{"id":39,"date":"2015-01-12T21:12:20","date_gmt":"2015-01-12T21:12:20","guid":{"rendered":"http:\/\/www.ff-kolkwitz.de\/?p=39"},"modified":"2015-01-12T21:15:15","modified_gmt":"2015-01-12T21:15:15","slug":"feuerwehr-sorgt-fuer-kinderlachen","status":"publish","type":"post","link":"https:\/\/www.ff-kolkwitz.de\/?p=39","title":{"rendered":"Feuerwehr sorgt f\u00fcr Kinderlachen"},"content":{"rendered":"<p>Die Kinder der Kita &#8220;Zwergenst\u00fcbchen&#8221; in Kolkwitz konnten sich \u00fcber vorzeitige Weihnachtsgeschenke von der Feuerwehr freuen. Ortswehrf\u00fchrer Ralf Pujo \u00fcberbrachte einen dicken Korb mit Spielzeug: B\u00fccher, Puppen f\u00fcr die Kleinen, einen Lernkasten und ein feuerwehrrotes Rutschfahrzeug. Kitaleiterin Kathrin Petzold hatte die Sachen mit ausgesucht: &#8220;Genau das, was wir gut gebrauchen k\u00f6nnen. Bei den Rutschfahrzeugen haben wir immer einen ziemlichen Verschlei\u00df und der Lernkasten l\u00e4\u00dft sich bei Bedarf sp\u00e4ter prima erweitern.&#8221;<\/p>\n<p>M\u00f6glich wurde diese Spende durch die Besucher des Kolkwitzer Oktoberfestes, auf dem die Feuerwehr\u00a0 Getr\u00e4nke, W\u00fcrste und Kuchen angeboten hatte. Ein Teil des Erl\u00f6ses soll so wieder den Kolkwitzer Kindern zu gute kommen.<\/p>\n<figure id=\"attachment_40\" aria-describedby=\"caption-attachment-40\" style=\"width: 600px\" class=\"wp-caption aligncenter\"><a href=\"https:\/\/www.ff-kolkwitz.de\/wp-content\/uploads\/2015\/01\/Kita_internet.jpg\" rel=\"lightbox[39]\"><img loading=\"lazy\" decoding=\"async\" class=\"size-full wp-image-40\" src=\"https:\/\/www.ff-kolkwitz.de\/wp-content\/uploads\/2015\/01\/Kita_internet.jpg\" alt=\"Spende an Kita\" width=\"600\" height=\"400\" srcset=\"https:\/\/www.ff-kolkwitz.de\/wp-content\/uploads\/2015\/01\/Kita_internet.jpg 600w, https:\/\/www.ff-kolkwitz.de\/wp-content\/uploads\/2015\/01\/Kita_internet-300x200.jpg 300w, https:\/\/www.ff-kolkwitz.de\/wp-content\/uploads\/2015\/01\/Kita_internet-450x300.jpg 450w\" sizes=\"auto, (max-width: 600px) 100vw, 600px\" \/><\/a><figcaption id=\"caption-attachment-40\" class=\"wp-caption-text\">Stellvertretend f\u00fcr alle Kitakinder nahm die Igel-Gruppe das Spielzeug aus den H\u00e4nden von Kitaleiterin Kathrin Petzold und Ortswehrf\u00fchrer Ralf Pujo entgegen.<\/figcaption><\/figure>\n","protected":false},"excerpt":{"rendered":"<p>Die Kinder der Kita &#8220;Zwergenst\u00fcbchen&#8221; in Kolkwitz konnten sich \u00fcber vorzeitige Weihnachtsgeschenke von der Feuerwehr [&hellip;]<\/p>\n","protected":false},"author":1,"featured_media":40,"comment_status":"open","ping_status":"open","sticky":false,"template":"","format":"standard","meta":{"footnotes":""},"categories":[1,19],"tags":[13,15,14],"class_list":["post-39","post","type-post","status-publish","format-standard","has-post-thumbnail","hentry","category-allgemein","category-neues","tag-kita","tag-pujo","tag-spende"],"_links":{"self":[{"href":"https:\/\/www.ff-kolkwitz.de\/index.php?rest_route=\/wp\/v2\/posts\/39","targetHints":{"allow":["GET"]}}],"collection":[{"href":"https:\/\/www.ff-kolkwitz.de\/index.php?rest_route=\/wp\/v2\/posts"}],"about":[{"href":"https:\/\/www.ff-kolkwitz.de\/index.php?rest_route=\/wp\/v2\/types\/post"}],"author":[{"embeddable":true,"href":"https:\/\/www.ff-kolkwitz.de\/index.php?rest_route=\/wp\/v2\/users\/1"}],"replies":[{"embeddable":true,"href":"https:\/\/www.ff-kolkwitz.de\/index.php?rest_route=%2Fwp%2Fv2%2Fcomments&post=39"}],"version-history":[{"count":1,"href":"https:\/\/www.ff-kolkwitz.de\/index.php?rest_route=\/wp\/v2\/posts\/39\/revisions"}],"predecessor-version":[{"id":41,"href":"https:\/\/www.ff-kolkwitz.de\/index.php?rest_route=\/wp\/v2\/posts\/39\/revisions\/41"}],"wp:featuredmedia":[{"embeddable":true,"href":"https:\/\/www.ff-kolkwitz.de\/index.php?rest_route=\/wp\/v2\/media\/40"}],"wp:attachment":[{"href":"https:\/\/www.ff-kolkwitz.de\/index.php?rest_route=%2Fwp%2Fv2%2Fmedia&parent=39"}],"wp:term":[{"taxonomy":"category","embeddable":true,"href":"https:\/\/www.ff-kolkwitz.de\/index.php?rest_route=%2Fwp%2Fv2%2Fcategories&post=39"},{"taxonomy":"post_tag","embeddable":true,"href":"https:\/\/www.ff-kolkwitz.de\/index.php?rest_route=%2Fwp%2Fv2%2Ftags&post=39"}],"curies":[{"name":"wp","href":"https:\/\/api.w.org\/{rel}","templated":true}]}}