{"id":463,"date":"2015-05-13T09:57:51","date_gmt":"2015-05-13T08:57:51","guid":{"rendered":"http:\/\/www.ff-kolkwitz.de\/?p=463"},"modified":"2015-05-13T13:43:12","modified_gmt":"2015-05-13T12:43:12","slug":"impressionen-vom-maibaumstellen","status":"publish","type":"post","link":"https:\/\/www.ff-kolkwitz.de\/?p=463","title":{"rendered":"Impressionen vom Maibaumstellen"},"content":{"rendered":"<p><a href=\"https:\/\/www.ff-kolkwitz.de\/wp-content\/uploads\/2015\/05\/Maibaum02.jpg\" rel=\"lightbox[463]\"><img loading=\"lazy\" decoding=\"async\" class=\"size-large wp-image-454\" src=\"https:\/\/www.ff-kolkwitz.de\/wp-content\/uploads\/2015\/05\/Maibaum02-1024x576.jpg\" alt=\"vorsichtig wird der Baum aufgestellt, an den seiten stehen Kameraden, die mit Sicherungsleinen daf\u00fcr sorgen, dass der Baum auch grade steht.\" width=\"565\" height=\"318\" srcset=\"https:\/\/www.ff-kolkwitz.de\/wp-content\/uploads\/2015\/05\/Maibaum02-1024x576.jpg 1024w, https:\/\/www.ff-kolkwitz.de\/wp-content\/uploads\/2015\/05\/Maibaum02-300x169.jpg 300w, https:\/\/www.ff-kolkwitz.de\/wp-content\/uploads\/2015\/05\/Maibaum02.jpg 1958w\" sizes=\"auto, (max-width: 565px) 100vw, 565px\" \/><\/a><\/p>\n<p>Es war ein bi\u00dfchen enger als gewohnt, weil das Umfeld des Ger\u00e4tehauses bis zum <a href=\"https:\/\/www.ff-kolkwitz.de\/?p=408\">Jubil\u00e4um<\/a> neu gestaltet wird. Und es wurde gegen Abend dann doch nicht nur feuchtfr\u00f6hlich, sondern vor allem feucht. Das hat uns und unsere Besucher aber nicht davon abgehalten, zusammen in den Mai zu feiern.<\/p>\n<p>Hier ein paar Impressionen vom diesj\u00e4hrigen Maibaumstellen:<\/p>\n<div id='gallery-1' class='gallery galleryid-463 gallery-columns-3 gallery-size-thumbnail'><figure class='gallery-item'>\n\t\t\t<div class='gallery-icon portrait'>\n\t\t\t\t<a href='https:\/\/www.ff-kolkwitz.de\/wp-content\/uploads\/2015\/05\/Maibaum06.jpg' rel=\"lightbox[463]\"><img loading=\"lazy\" decoding=\"async\" width=\"141\" height=\"141\" src=\"https:\/\/www.ff-kolkwitz.de\/wp-content\/uploads\/2015\/05\/Maibaum06-150x150.jpg\" class=\"attachment-thumbnail size-thumbnail\" alt=\"\" aria-describedby=\"gallery-1-458\" \/><\/a>\n\t\t\t<\/div>\n\t\t\t\t<figcaption class='wp-caption-text gallery-caption' id='gallery-1-458'>\n\t\t\t\tLetzte Handgriffe am liegeden Baum: Die sicherungsleinen werden befestigt\n\t\t\t\t<\/figcaption><\/figure><figure class='gallery-item'>\n\t\t\t<div class='gallery-icon landscape'>\n\t\t\t\t<a href='https:\/\/www.ff-kolkwitz.de\/wp-content\/uploads\/2015\/05\/Maibaum01.jpg' rel=\"lightbox[463]\"><img loading=\"lazy\" decoding=\"async\" width=\"141\" height=\"141\" src=\"https:\/\/www.ff-kolkwitz.de\/wp-content\/uploads\/2015\/05\/Maibaum01-150x150.jpg\" class=\"attachment-thumbnail size-thumbnail\" alt=\"\" aria-describedby=\"gallery-1-453\" \/><\/a>\n\t\t\t<\/div>\n\t\t\t\t<figcaption class='wp-caption-text gallery-caption' id='gallery-1-453'>\n\t\t\t\tMit der Seilwinde unseres LF wird der Maibaum vorsichtig hochgezogen\n\t\t\t\t<\/figcaption><\/figure><figure class='gallery-item'>\n\t\t\t<div class='gallery-icon landscape'>\n\t\t\t\t<a href='https:\/\/www.ff-kolkwitz.de\/wp-content\/uploads\/2015\/05\/Maibaum02.jpg' rel=\"lightbox[463]\"><img loading=\"lazy\" decoding=\"async\" width=\"141\" height=\"141\" src=\"https:\/\/www.ff-kolkwitz.de\/wp-content\/uploads\/2015\/05\/Maibaum02-150x150.jpg\" class=\"attachment-thumbnail size-thumbnail\" alt=\"\" aria-describedby=\"gallery-1-454\" \/><\/a>\n\t\t\t<\/div>\n\t\t\t\t<figcaption class='wp-caption-text gallery-caption' id='gallery-1-454'>\n\t\t\t\tvorsichtig wird der Baum aufgestellt, an den seiten stehen Kameraden, die mit Sicherungsleinen daf\u00fcr sorgen, dass der Baum auch grade steht.\n\t\t\t\t<\/figcaption><\/figure><figure class='gallery-item'>\n\t\t\t<div class='gallery-icon portrait'>\n\t\t\t\t<a href='https:\/\/www.ff-kolkwitz.de\/wp-content\/uploads\/2015\/05\/Maibaum09.jpg' rel=\"lightbox[463]\"><img loading=\"lazy\" decoding=\"async\" width=\"141\" height=\"141\" src=\"https:\/\/www.ff-kolkwitz.de\/wp-content\/uploads\/2015\/05\/Maibaum09-150x150.jpg\" class=\"attachment-thumbnail size-thumbnail\" alt=\"\" aria-describedby=\"gallery-1-461\" \/><\/a>\n\t\t\t<\/div>\n\t\t\t\t<figcaption class='wp-caption-text gallery-caption' id='gallery-1-461'>\n\t\t\t\tEr steht!\n\t\t\t\t<\/figcaption><\/figure><figure class='gallery-item'>\n\t\t\t<div class='gallery-icon landscape'>\n\t\t\t\t<a href='https:\/\/www.ff-kolkwitz.de\/wp-content\/uploads\/2015\/05\/Maibaum08.jpg' rel=\"lightbox[463]\"><img loading=\"lazy\" decoding=\"async\" width=\"141\" height=\"141\" src=\"https:\/\/www.ff-kolkwitz.de\/wp-content\/uploads\/2015\/05\/Maibaum08-150x150.jpg\" class=\"attachment-thumbnail size-thumbnail\" alt=\"\" aria-describedby=\"gallery-1-460\" \/><\/a>\n\t\t\t<\/div>\n\t\t\t\t<figcaption class='wp-caption-text gallery-caption' id='gallery-1-460'>\n\t\t\t\tDann muss ein freiwilliger den Baum erklimmen, um die Sicherungsseile zu entfernen\n\t\t\t\t<\/figcaption><\/figure><figure class='gallery-item'>\n\t\t\t<div class='gallery-icon landscape'>\n\t\t\t\t<a href='https:\/\/www.ff-kolkwitz.de\/wp-content\/uploads\/2015\/05\/Maibaum03.jpg' rel=\"lightbox[463]\"><img loading=\"lazy\" decoding=\"async\" width=\"141\" height=\"141\" src=\"https:\/\/www.ff-kolkwitz.de\/wp-content\/uploads\/2015\/05\/Maibaum03-150x150.jpg\" class=\"attachment-thumbnail size-thumbnail\" alt=\"\" aria-describedby=\"gallery-1-455\" \/><\/a>\n\t\t\t<\/div>\n\t\t\t\t<figcaption class='wp-caption-text gallery-caption' id='gallery-1-455'>\n\t\t\t\tErst wird angeleitert&#8230;\n\t\t\t\t<\/figcaption><\/figure><figure class='gallery-item'>\n\t\t\t<div class='gallery-icon landscape'>\n\t\t\t\t<a href='https:\/\/www.ff-kolkwitz.de\/wp-content\/uploads\/2015\/05\/Maibaum04.jpg' rel=\"lightbox[463]\"><img loading=\"lazy\" decoding=\"async\" width=\"141\" height=\"141\" src=\"https:\/\/www.ff-kolkwitz.de\/wp-content\/uploads\/2015\/05\/Maibaum04-150x150.jpg\" class=\"attachment-thumbnail size-thumbnail\" alt=\"\" aria-describedby=\"gallery-1-456\" \/><\/a>\n\t\t\t<\/div>\n\t\t\t\t<figcaption class='wp-caption-text gallery-caption' id='gallery-1-456'>\n\t\t\t\tZum Gl\u00fcck ist unser Kamerad Marco Kunisch passionierter Kletterer. F\u00fcr ihn ist diese H\u00f6hen\u00fcbung ein Klacks\n\t\t\t\t<\/figcaption><\/figure><figure class='gallery-item'>\n\t\t\t<div class='gallery-icon landscape'>\n\t\t\t\t<a href='https:\/\/www.ff-kolkwitz.de\/wp-content\/uploads\/2015\/05\/Maibaum05.jpg' rel=\"lightbox[463]\"><img loading=\"lazy\" decoding=\"async\" width=\"141\" height=\"141\" src=\"https:\/\/www.ff-kolkwitz.de\/wp-content\/uploads\/2015\/05\/Maibaum05-150x150.jpg\" class=\"attachment-thumbnail size-thumbnail\" alt=\"\" aria-describedby=\"gallery-1-457\" \/><\/a>\n\t\t\t<\/div>\n\t\t\t\t<figcaption class='wp-caption-text gallery-caption' id='gallery-1-457'>\n\t\t\t\tAuch von unten ne spannende Angelegenheit\n\t\t\t\t<\/figcaption><\/figure><figure class='gallery-item'>\n\t\t\t<div class='gallery-icon landscape'>\n\t\t\t\t<a href='https:\/\/www.ff-kolkwitz.de\/wp-content\/uploads\/2015\/05\/Maibaum10.jpg' rel=\"lightbox[463]\"><img loading=\"lazy\" decoding=\"async\" width=\"141\" height=\"141\" src=\"https:\/\/www.ff-kolkwitz.de\/wp-content\/uploads\/2015\/05\/Maibaum10-150x150.jpg\" class=\"attachment-thumbnail size-thumbnail\" alt=\"\" aria-describedby=\"gallery-1-462\" \/><\/a>\n\t\t\t<\/div>\n\t\t\t\t<figcaption class='wp-caption-text gallery-caption' id='gallery-1-462'>\n\t\t\t\tjetzt kann gefeiert werden!\n\t\t\t\t<\/figcaption><\/figure><figure class='gallery-item'>\n\t\t\t<div class='gallery-icon landscape'>\n\t\t\t\t<a href='https:\/\/www.ff-kolkwitz.de\/wp-content\/uploads\/2015\/05\/Maibaum07.jpg' rel=\"lightbox[463]\"><img loading=\"lazy\" decoding=\"async\" width=\"141\" height=\"141\" src=\"https:\/\/www.ff-kolkwitz.de\/wp-content\/uploads\/2015\/05\/Maibaum07-150x150.jpg\" class=\"attachment-thumbnail size-thumbnail\" alt=\"\" \/><\/a>\n\t\t\t<\/div><\/figure>\n\t\t<\/div>\n\n<p>Fotos: Christian Bobowk und Rene Badack<\/p>\n","protected":false},"excerpt":{"rendered":"<p>Es war ein bi\u00dfchen enger als gewohnt, weil das Umfeld des Ger\u00e4tehauses bis zum Jubil\u00e4um [&hellip;]<\/p>\n","protected":false},"author":1,"featured_media":0,"comment_status":"open","ping_status":"open","sticky":false,"template":"","format":"standard","meta":{"footnotes":""},"categories":[1,17,19],"tags":[92,93],"class_list":["post-463","post","type-post","status-publish","format-standard","hentry","category-allgemein","category-kokwitz","category-neues","tag-jubilaeum","tag-maibaum"],"_links":{"self":[{"href":"https:\/\/www.ff-kolkwitz.de\/index.php?rest_route=\/wp\/v2\/posts\/463","targetHints":{"allow":["GET"]}}],"collection":[{"href":"https:\/\/www.ff-kolkwitz.de\/index.php?rest_route=\/wp\/v2\/posts"}],"about":[{"href":"https:\/\/www.ff-kolkwitz.de\/index.php?rest_route=\/wp\/v2\/types\/post"}],"author":[{"embeddable":true,"href":"https:\/\/www.ff-kolkwitz.de\/index.php?rest_route=\/wp\/v2\/users\/1"}],"replies":[{"embeddable":true,"href":"https:\/\/www.ff-kolkwitz.de\/index.php?rest_route=%2Fwp%2Fv2%2Fcomments&post=463"}],"version-history":[{"count":5,"href":"https:\/\/www.ff-kolkwitz.de\/index.php?rest_route=\/wp\/v2\/posts\/463\/revisions"}],"predecessor-version":[{"id":468,"href":"https:\/\/www.ff-kolkwitz.de\/index.php?rest_route=\/wp\/v2\/posts\/463\/revisions\/468"}],"wp:attachment":[{"href":"https:\/\/www.ff-kolkwitz.de\/index.php?rest_route=%2Fwp%2Fv2%2Fmedia&parent=463"}],"wp:term":[{"taxonomy":"category","embeddable":true,"href":"https:\/\/www.ff-kolkwitz.de\/index.php?rest_route=%2Fwp%2Fv2%2Fcategories&post=463"},{"taxonomy":"post_tag","embeddable":true,"href":"https:\/\/www.ff-kolkwitz.de\/index.php?rest_route=%2Fwp%2Fv2%2Ftags&post=463"}],"curies":[{"name":"wp","href":"https:\/\/api.w.org\/{rel}","templated":true}]}}