{"id":4880,"date":"2025-04-01T21:01:43","date_gmt":"2025-04-01T19:01:43","guid":{"rendered":"https:\/\/www.ff-kolkwitz.de\/?p=4880"},"modified":"2025-04-01T21:01:43","modified_gmt":"2025-04-01T19:01:43","slug":"drehleiter-seit-dem-1-april-im-einsatz","status":"publish","type":"post","link":"https:\/\/www.ff-kolkwitz.de\/?p=4880","title":{"rendered":"Drehleiter seit dem 1. April im Einsatz"},"content":{"rendered":"<p>Das klingt doch fast nach einem Aprilscherz, aber Nein! &#x1f389;<\/p>\n<p>Seit heute Nacht ist in der Gemeinde Kolkwitz die DLAK 23\/12 auf Status 2 \u201eEinsatzbereit auf Wache\u201c gesetzt worden.<\/p>\n<p>Bei folgenden Punkten ist das Fahrzeug eingeplant:<br \/>\n&#x1f525; Geb\u00e4ude Brand Gro\u00df bzw. Klein<br \/>\n&#x1f692; Schornsteinbrand<br \/>\nF\u00fcr alle anderen F\u00e4lle kann das Fahrzeug nachgefordert werden!<\/p>\n<p>An dieser Stelle auch herzlichen Gl\u00fcckwunsch an unsere 9 neuen DLK-Maschinisten zum bestehen des Lehrgangs. &#x1f340;<br \/>\nSomit sind insgesamt 15 Kameraden aus den Ortswehren Kolkwitz, Limberg, Gulben-Zahsow und Klein Gaglow bef\u00e4higt die Drehleiter zu bedienen. Wir sind stolz darauf diesbez\u00fcglich in der Gemeinde breit gef\u00e4chert zu sein.<\/p>\n<p>Ab heute kann die Drehleiter ausr\u00fccken, wenn sie gebraucht wird und bis dahin finden nat\u00fcrlich auch weiterhin \u00dcbungen statt um die Kameraden fit zu halten. &#x1f9d1;&#x1f3fb;&#x200d;&#x1f692;&#x1f4aa;&#x1f3fb;Die Gemeinde hat die Leih-Drehleiter gemietet, um den Brandschutz zu verbessern. Sie ist im Ger\u00e4tehaus in Kolkwitz stationiert.<\/p>\n","protected":false},"excerpt":{"rendered":"<p>Das klingt doch fast nach einem Aprilscherz, aber Nein! &#x1f389; Seit heute Nacht ist in [&hellip;]<\/p>\n","protected":false},"author":1,"featured_media":4881,"comment_status":"open","ping_status":"open","sticky":false,"template":"","format":"standard","meta":{"footnotes":""},"categories":[1,17,19],"tags":[],"class_list":["post-4880","post","type-post","status-publish","format-standard","has-post-thumbnail","hentry","category-allgemein","category-kokwitz","category-neues"],"_links":{"self":[{"href":"https:\/\/www.ff-kolkwitz.de\/index.php?rest_route=\/wp\/v2\/posts\/4880","targetHints":{"allow":["GET"]}}],"collection":[{"href":"https:\/\/www.ff-kolkwitz.de\/index.php?rest_route=\/wp\/v2\/posts"}],"about":[{"href":"https:\/\/www.ff-kolkwitz.de\/index.php?rest_route=\/wp\/v2\/types\/post"}],"author":[{"embeddable":true,"href":"https:\/\/www.ff-kolkwitz.de\/index.php?rest_route=\/wp\/v2\/users\/1"}],"replies":[{"embeddable":true,"href":"https:\/\/www.ff-kolkwitz.de\/index.php?rest_route=%2Fwp%2Fv2%2Fcomments&post=4880"}],"version-history":[{"count":1,"href":"https:\/\/www.ff-kolkwitz.de\/index.php?rest_route=\/wp\/v2\/posts\/4880\/revisions"}],"predecessor-version":[{"id":4882,"href":"https:\/\/www.ff-kolkwitz.de\/index.php?rest_route=\/wp\/v2\/posts\/4880\/revisions\/4882"}],"wp:featuredmedia":[{"embeddable":true,"href":"https:\/\/www.ff-kolkwitz.de\/index.php?rest_route=\/wp\/v2\/media\/4881"}],"wp:attachment":[{"href":"https:\/\/www.ff-kolkwitz.de\/index.php?rest_route=%2Fwp%2Fv2%2Fmedia&parent=4880"}],"wp:term":[{"taxonomy":"category","embeddable":true,"href":"https:\/\/www.ff-kolkwitz.de\/index.php?rest_route=%2Fwp%2Fv2%2Fcategories&post=4880"},{"taxonomy":"post_tag","embeddable":true,"href":"https:\/\/www.ff-kolkwitz.de\/index.php?rest_route=%2Fwp%2Fv2%2Ftags&post=4880"}],"curies":[{"name":"wp","href":"https:\/\/api.w.org\/{rel}","templated":true}]}}