{"id":4888,"date":"2025-06-15T18:58:54","date_gmt":"2025-06-15T16:58:54","guid":{"rendered":"https:\/\/www.ff-kolkwitz.de\/?p=4888"},"modified":"2025-06-15T19:23:45","modified_gmt":"2025-06-15T17:23:45","slug":"gute-platzierungen-beim-gemeindeausscheid","status":"publish","type":"post","link":"https:\/\/www.ff-kolkwitz.de\/?p=4888","title":{"rendered":"Gute Platzierungen beim Gemeindeausscheid"},"content":{"rendered":"<p><span class=\"ng-binding ng-isolate-scope\">Im Rahmen der 725-Jahr-Feier der Gemeinde Kolkwitz fand am 14.06.2025 der Gemeindeausscheid der Jugendfeuerwehren statt. Austragungsort war der Schulsportplatz der Grundschule Kolkwitz, auf dem sich die Nachwuchskameradinnen und -kameraden in verschiedenen Disziplinen messen konnten.<\/span><\/p>\n<p>Gemeindejugendwart Alexander Nerlich und der Kolkwitzer Ortswehrf\u00fchrer Christian Otte er\u00f6ffneten die Veranstaltung mit motivierenden Worten an die jungen Teilnehmerinnen und Teilnehmer. Sie w\u00fcnschten allen viel Erfolg und vor allem Freude am Wettbewerb. Nach spannenden Wettk\u00e4mpfen, bei denen Schnelligkeit und Teamarbeit gefragt waren, folgte die mit Spannung erwartete Siegerehrung. Die besten Teams wurden zudem mit Pokalen und Urkunden ausgezeichnet. Und unsere Platzierungen k\u00f6nnen sich sehen lassen:<\/p>\n<h2><span class=\"ng-binding ng-isolate-scope\"><br \/>\nPlatzierungen des Gemeindeausscheids 2025:<br \/>\n<\/span><\/h2>\n<h3><span class=\"ng-binding ng-isolate-scope\">Alterskasse m\u00e4nnlich 10-14 Jahre<br \/>\n<\/span><\/h3>\n<p><span class=\"ng-binding ng-isolate-scope\">1. Platz: JF Babow 2<br \/>\n2. Platz: JF Klein Gaglow \/ H\u00e4nchen<br \/>\n<strong>3. Platz: JF Kolkwitz 1<\/strong><br \/>\n<strong>4. Platz: JF Kolkwitz 2<\/strong><br \/>\n5. Platz: JF Babow 1<br \/>\n6. Platz: JF Limberg<br \/>\n<\/span><\/p>\n<h3><span class=\"ng-binding ng-isolate-scope\"><br \/>\nAlterskasse weiblich 10-14 Jahre<br \/>\n<\/span><\/h3>\n<p><span class=\"ng-binding ng-isolate-scope\">1. Platz: JF Limberg<br \/>\n<\/span><\/p>\n<h3><span class=\"ng-binding ng-isolate-scope\"><br \/>\nAlterskasse m\u00e4nnlich 15-18 Jahre<br \/>\n<\/span><\/h3>\n<p><span class=\"ng-binding ng-isolate-scope\">1. Platz: JF Klein Gaglow \/ H\u00e4nchen<br \/>\n<strong>2. Platz: JF Kolkwitz<\/strong><br \/>\n3. Platz: JF Kundersdorf<br \/>\n4. Platz: JF Glinzig<br \/>\n<\/span><\/p>\n<h3><span class=\"ng-binding ng-isolate-scope\">Alterskasse weiblich 15-18 Jahre\u00a0<\/span><\/h3>\n<p><span class=\"ng-binding ng-isolate-scope\">1. Platz: JF Kundersdorf<br \/>\n<\/span><\/p>\n<div id='gallery-1' class='gallery galleryid-4888 gallery-columns-3 gallery-size-thumbnail'><figure class='gallery-item'>\n\t\t\t<div class='gallery-icon landscape'>\n\t\t\t\t<a href='https:\/\/www.ff-kolkwitz.de\/wp-content\/uploads\/2025\/06\/2025-06-14-Gemeindeausscheid-002.jpg' rel=\"lightbox[4888]\"><img loading=\"lazy\" decoding=\"async\" width=\"250\" height=\"141\" src=\"https:\/\/www.ff-kolkwitz.de\/wp-content\/uploads\/2025\/06\/2025-06-14-Gemeindeausscheid-002-250x141.jpg\" class=\"attachment-thumbnail size-thumbnail\" alt=\"\" srcset=\"https:\/\/www.ff-kolkwitz.de\/wp-content\/uploads\/2025\/06\/2025-06-14-Gemeindeausscheid-002-250x141.jpg 250w, https:\/\/www.ff-kolkwitz.de\/wp-content\/uploads\/2025\/06\/2025-06-14-Gemeindeausscheid-002-850x478.jpg 850w, https:\/\/www.ff-kolkwitz.de\/wp-content\/uploads\/2025\/06\/2025-06-14-Gemeindeausscheid-002-1200x675.jpg 1200w\" sizes=\"auto, (max-width: 250px) 100vw, 250px\" \/><\/a>\n\t\t\t<\/div><\/figure><figure class='gallery-item'>\n\t\t\t<div class='gallery-icon landscape'>\n\t\t\t\t<a href='https:\/\/www.ff-kolkwitz.de\/wp-content\/uploads\/2025\/06\/2025-06-14-Gemeindeausscheid-003.jpg' rel=\"lightbox[4888]\"><img loading=\"lazy\" decoding=\"async\" width=\"250\" height=\"141\" src=\"https:\/\/www.ff-kolkwitz.de\/wp-content\/uploads\/2025\/06\/2025-06-14-Gemeindeausscheid-003-250x141.jpg\" class=\"attachment-thumbnail size-thumbnail\" alt=\"\" srcset=\"https:\/\/www.ff-kolkwitz.de\/wp-content\/uploads\/2025\/06\/2025-06-14-Gemeindeausscheid-003-250x141.jpg 250w, https:\/\/www.ff-kolkwitz.de\/wp-content\/uploads\/2025\/06\/2025-06-14-Gemeindeausscheid-003-850x478.jpg 850w, https:\/\/www.ff-kolkwitz.de\/wp-content\/uploads\/2025\/06\/2025-06-14-Gemeindeausscheid-003-1200x675.jpg 1200w\" sizes=\"auto, (max-width: 250px) 100vw, 250px\" \/><\/a>\n\t\t\t<\/div><\/figure><figure class='gallery-item'>\n\t\t\t<div class='gallery-icon landscape'>\n\t\t\t\t<a href='https:\/\/www.ff-kolkwitz.de\/wp-content\/uploads\/2025\/06\/2025-06-14-Gemeindeausscheid-004.jpg' rel=\"lightbox[4888]\"><img loading=\"lazy\" decoding=\"async\" width=\"250\" height=\"141\" src=\"https:\/\/www.ff-kolkwitz.de\/wp-content\/uploads\/2025\/06\/2025-06-14-Gemeindeausscheid-004-250x141.jpg\" class=\"attachment-thumbnail size-thumbnail\" alt=\"\" srcset=\"https:\/\/www.ff-kolkwitz.de\/wp-content\/uploads\/2025\/06\/2025-06-14-Gemeindeausscheid-004-250x141.jpg 250w, https:\/\/www.ff-kolkwitz.de\/wp-content\/uploads\/2025\/06\/2025-06-14-Gemeindeausscheid-004-850x478.jpg 850w, https:\/\/www.ff-kolkwitz.de\/wp-content\/uploads\/2025\/06\/2025-06-14-Gemeindeausscheid-004-1200x675.jpg 1200w\" sizes=\"auto, (max-width: 250px) 100vw, 250px\" \/><\/a>\n\t\t\t<\/div><\/figure>\n\t\t<\/div>\n\n<p>Bilder: Michelle Quapil<\/p>\n","protected":false},"excerpt":{"rendered":"<p>Im Rahmen der 725-Jahr-Feier der Gemeinde Kolkwitz fand am 14.06.2025 der Gemeindeausscheid der Jugendfeuerwehren statt. [&hellip;]<\/p>\n","protected":false},"author":1,"featured_media":4892,"comment_status":"open","ping_status":"open","sticky":false,"template":"","format":"standard","meta":{"footnotes":""},"categories":[18,19],"tags":[],"class_list":["post-4888","post","type-post","status-publish","format-standard","has-post-thumbnail","hentry","category-jugendfeuerwehr","category-neues"],"_links":{"self":[{"href":"https:\/\/www.ff-kolkwitz.de\/index.php?rest_route=\/wp\/v2\/posts\/4888","targetHints":{"allow":["GET"]}}],"collection":[{"href":"https:\/\/www.ff-kolkwitz.de\/index.php?rest_route=\/wp\/v2\/posts"}],"about":[{"href":"https:\/\/www.ff-kolkwitz.de\/index.php?rest_route=\/wp\/v2\/types\/post"}],"author":[{"embeddable":true,"href":"https:\/\/www.ff-kolkwitz.de\/index.php?rest_route=\/wp\/v2\/users\/1"}],"replies":[{"embeddable":true,"href":"https:\/\/www.ff-kolkwitz.de\/index.php?rest_route=%2Fwp%2Fv2%2Fcomments&post=4888"}],"version-history":[{"count":2,"href":"https:\/\/www.ff-kolkwitz.de\/index.php?rest_route=\/wp\/v2\/posts\/4888\/revisions"}],"predecessor-version":[{"id":4894,"href":"https:\/\/www.ff-kolkwitz.de\/index.php?rest_route=\/wp\/v2\/posts\/4888\/revisions\/4894"}],"wp:featuredmedia":[{"embeddable":true,"href":"https:\/\/www.ff-kolkwitz.de\/index.php?rest_route=\/wp\/v2\/media\/4892"}],"wp:attachment":[{"href":"https:\/\/www.ff-kolkwitz.de\/index.php?rest_route=%2Fwp%2Fv2%2Fmedia&parent=4888"}],"wp:term":[{"taxonomy":"category","embeddable":true,"href":"https:\/\/www.ff-kolkwitz.de\/index.php?rest_route=%2Fwp%2Fv2%2Fcategories&post=4888"},{"taxonomy":"post_tag","embeddable":true,"href":"https:\/\/www.ff-kolkwitz.de\/index.php?rest_route=%2Fwp%2Fv2%2Ftags&post=4888"}],"curies":[{"name":"wp","href":"https:\/\/api.w.org\/{rel}","templated":true}]}}