{"id":4929,"date":"2025-09-22T22:51:13","date_gmt":"2025-09-22T20:51:13","guid":{"rendered":"https:\/\/www.ff-kolkwitz.de\/?p=4929"},"modified":"2025-09-29T18:46:39","modified_gmt":"2025-09-29T16:46:39","slug":"foerderverein-gegruendet","status":"publish","type":"post","link":"https:\/\/www.ff-kolkwitz.de\/?p=4929","title":{"rendered":"F\u00f6rderverein gegr\u00fcndet"},"content":{"rendered":"<p>Die Ortswehr Kolkwitz ist nicht nur ein verl\u00e4sslicher und wesentlicher Baustein f\u00fcr den Brand- und Katastrophenschutz in der Gemeinde, sondern tr\u00e4gt &#8211; wie viele andere Wehren &#8211; dazu bei, dass das Dorf lebenswert bleibt. Dazu z\u00e4hlen zahlreiche Feste, wie Maibaumstellen oder unser Stand beim Oktoberfest. Von den vielen kleinen Aktionen &#8220;nebenbei&#8221; wollen wir erst gar nicht reden. Doch eigentlich ist das gar nicht Aufgabe einer Ortswehr und die Ortswehrf\u00fchrung m\u00f6chte sich in Zukunft mehr auf die eigentliche Funktion der Gefahrenabwehr und Erhalt einer leistungsstarken Wehr konzentrieren. Damit auch in Zukunft das Kulturelle in gewohnter Form stattfinden kann, wurde seit fast zwei Jahren an einem F\u00f6rderverein gefeilt, der k\u00fcnftig diese Aufgaben \u00fcbernehmen wird und nat\u00fcrlich die internen Veranstaltungen zur Kameradschaftspflege unterst\u00fctzen wird. Ein gro\u00dfes Dank geht an dieser Stelle an Mathias Kappa, der zahlreiche Satzungsentw\u00fcrfe gefertigt und mit den \u00c4mtern vorabgestimmt hat. Am 22.09.2025 fand nun die Gr\u00fcndungsversammlung statt. Der wichtigste Punkt: Beschluss der Satzung. Und anschlie\u00dfend Wahl des Vorstandes. Auch wenn die Wahlurne etwas improvisiert war:<\/p>\n<figure id=\"attachment_4931\" aria-describedby=\"caption-attachment-4931\" style=\"width: 850px\" class=\"wp-caption aligncenter\"><a href=\"https:\/\/www.ff-kolkwitz.de\/wp-content\/uploads\/2025\/09\/Stimmabgabe.jpg\" rel=\"lightbox[4929]\"><img loading=\"lazy\" decoding=\"async\" class=\"wp-image-4931 size-medium\" src=\"https:\/\/www.ff-kolkwitz.de\/wp-content\/uploads\/2025\/09\/Stimmabgabe-850x478.jpg\" alt=\"24 Gr\u00fcndungsmitglieder gaben ihre Stimme ab.\" width=\"850\" height=\"478\" srcset=\"https:\/\/www.ff-kolkwitz.de\/wp-content\/uploads\/2025\/09\/Stimmabgabe-850x478.jpg 850w, https:\/\/www.ff-kolkwitz.de\/wp-content\/uploads\/2025\/09\/Stimmabgabe-1200x675.jpg 1200w, https:\/\/www.ff-kolkwitz.de\/wp-content\/uploads\/2025\/09\/Stimmabgabe-250x141.jpg 250w\" sizes=\"auto, (max-width: 850px) 100vw, 850px\" \/><\/a><figcaption id=\"caption-attachment-4931\" class=\"wp-caption-text\">24 Gr\u00fcndungsmitglieder gaben ihre Stimme ab.<\/figcaption><\/figure>\n<p>Geleitet wird der Verein (in Gr\u00fcndung) in Zukunft von Silvio Unger. Ihm zur Seite stehen Philipp Bachmann, Stephanie Biebl, Carsten Otte und Niklas Schuppan.<\/p>\n<p><a href=\"https:\/\/www.ff-kolkwitz.de\/wp-content\/uploads\/2025\/09\/Der-neue-Vorstand.jpg\" rel=\"lightbox[4929]\"><img loading=\"lazy\" decoding=\"async\" class=\"aligncenter wp-image-4930 size-medium\" src=\"https:\/\/www.ff-kolkwitz.de\/wp-content\/uploads\/2025\/09\/Der-neue-Vorstand-850x478.jpg\" alt=\"vlnr: Mathias Kappa und Ortswehrf\u00fchrer Christian Otte, Philipp Bachmann, Stephanie Biebl, Silvio Unger und Niklas Schuppan. (Carsten Otte war zur Wahl verhindert und hatte schriftlich Bereitschaft erkl\u00e4rt)\" width=\"850\" height=\"478\" srcset=\"https:\/\/www.ff-kolkwitz.de\/wp-content\/uploads\/2025\/09\/Der-neue-Vorstand-850x478.jpg 850w, https:\/\/www.ff-kolkwitz.de\/wp-content\/uploads\/2025\/09\/Der-neue-Vorstand-1200x675.jpg 1200w, https:\/\/www.ff-kolkwitz.de\/wp-content\/uploads\/2025\/09\/Der-neue-Vorstand-250x141.jpg 250w\" sizes=\"auto, (max-width: 850px) 100vw, 850px\" \/><\/a><\/p>\n<p>Wir bedanken uns, dass sie in Zukunft den F\u00f6rderverein f\u00fchren und in dieser Funktion die Ortswehr unterst\u00fctzen wollen! Nun gibt es noch einige Formalien zu erledigen und nat\u00fcrlich m\u00fcssen sich auch erstmal alle in ihren Rollen finden. Wir sind uns aber sicher: Ortswehr und F\u00f6rderverein gemeinsam werden gute Partner werden.<\/p>\n","protected":false},"excerpt":{"rendered":"<p>Die Ortswehr Kolkwitz ist nicht nur ein verl\u00e4sslicher und wesentlicher Baustein f\u00fcr den Brand- und [&hellip;]<\/p>\n","protected":false},"author":1,"featured_media":0,"comment_status":"open","ping_status":"open","sticky":false,"template":"","format":"standard","meta":{"footnotes":""},"categories":[1,16,17,19,235],"tags":[],"class_list":["post-4929","post","type-post","status-publish","format-standard","hentry","category-allgemein","category-internes","category-kokwitz","category-neues","category-verein"],"_links":{"self":[{"href":"https:\/\/www.ff-kolkwitz.de\/index.php?rest_route=\/wp\/v2\/posts\/4929","targetHints":{"allow":["GET"]}}],"collection":[{"href":"https:\/\/www.ff-kolkwitz.de\/index.php?rest_route=\/wp\/v2\/posts"}],"about":[{"href":"https:\/\/www.ff-kolkwitz.de\/index.php?rest_route=\/wp\/v2\/types\/post"}],"author":[{"embeddable":true,"href":"https:\/\/www.ff-kolkwitz.de\/index.php?rest_route=\/wp\/v2\/users\/1"}],"replies":[{"embeddable":true,"href":"https:\/\/www.ff-kolkwitz.de\/index.php?rest_route=%2Fwp%2Fv2%2Fcomments&post=4929"}],"version-history":[{"count":2,"href":"https:\/\/www.ff-kolkwitz.de\/index.php?rest_route=\/wp\/v2\/posts\/4929\/revisions"}],"predecessor-version":[{"id":4934,"href":"https:\/\/www.ff-kolkwitz.de\/index.php?rest_route=\/wp\/v2\/posts\/4929\/revisions\/4934"}],"wp:attachment":[{"href":"https:\/\/www.ff-kolkwitz.de\/index.php?rest_route=%2Fwp%2Fv2%2Fmedia&parent=4929"}],"wp:term":[{"taxonomy":"category","embeddable":true,"href":"https:\/\/www.ff-kolkwitz.de\/index.php?rest_route=%2Fwp%2Fv2%2Fcategories&post=4929"},{"taxonomy":"post_tag","embeddable":true,"href":"https:\/\/www.ff-kolkwitz.de\/index.php?rest_route=%2Fwp%2Fv2%2Ftags&post=4929"}],"curies":[{"name":"wp","href":"https:\/\/api.w.org\/{rel}","templated":true}]}}