{"id":4940,"date":"2025-12-30T19:29:19","date_gmt":"2025-12-30T17:29:19","guid":{"rendered":"https:\/\/www.ff-kolkwitz.de\/?p=4940"},"modified":"2025-12-30T19:34:44","modified_gmt":"2025-12-30T17:34:44","slug":"ein-praller-sack-zum-jubilaeum","status":"publish","type":"post","link":"https:\/\/www.ff-kolkwitz.de\/?p=4940","title":{"rendered":"Ein praller Sack zum Jubil\u00e4um"},"content":{"rendered":"<p>Was als spontane Idee im Corona-Jahr 2020 begann, ist inzwischen zur festen Tradition geworden: Die Feuerwehr bringt den Weihnachtsmann zu den Menschen, die die Festtage nicht zu Hause im Kreise der Liebsten verbringen k\u00f6nnen.<\/p>\n<p>Eine feste Station ist dabei das Ronald McDonald Haus in Cottbus. Die Familien waren in diesem Jahr zwar gerade unterwegs, aber der Kolkwitzer Feuerwehr-Weihnachtsmann wurde in gewohnt-gem\u00fctlicher Runde freudig von den Mitarbeiterinnen begr\u00fc\u00dft und mit Keksen gef\u00fcttert, w\u00e4hrend seine Engelchen das Spielzimmer testen durften.<\/p>\n<p><img loading=\"lazy\" decoding=\"async\" class=\"aligncenter size-medium wp-image-4947\" src=\"https:\/\/www.ff-kolkwitz.de\/wp-content\/uploads\/2025\/12\/Ronald-McDonald-02-850x478.jpg\" alt=\"Im Ronald McDonald-Haus\" width=\"850\" height=\"478\" srcset=\"https:\/\/www.ff-kolkwitz.de\/wp-content\/uploads\/2025\/12\/Ronald-McDonald-02-850x478.jpg 850w, https:\/\/www.ff-kolkwitz.de\/wp-content\/uploads\/2025\/12\/Ronald-McDonald-02-1200x675.jpg 1200w, https:\/\/www.ff-kolkwitz.de\/wp-content\/uploads\/2025\/12\/Ronald-McDonald-02-250x141.jpg 250w\" sizes=\"auto, (max-width: 850px) 100vw, 850px\" \/><\/p>\n<p>Gemeinsam lie\u00dfen wir die vergangenen f\u00fcnf Jahre Revue passieren und nat\u00fcrlich legte der Weihnachtsmann auch was unter den Baum im Familienzimmer.<\/p>\n<p><img loading=\"lazy\" decoding=\"async\" class=\"aligncenter size-medium wp-image-4946\" src=\"https:\/\/www.ff-kolkwitz.de\/wp-content\/uploads\/2025\/12\/Ronald-McDonald-01-850x478.jpg\" alt=\"Im Ronald McDonald-Haus\" width=\"850\" height=\"478\" srcset=\"https:\/\/www.ff-kolkwitz.de\/wp-content\/uploads\/2025\/12\/Ronald-McDonald-01-850x478.jpg 850w, https:\/\/www.ff-kolkwitz.de\/wp-content\/uploads\/2025\/12\/Ronald-McDonald-01-1200x675.jpg 1200w, https:\/\/www.ff-kolkwitz.de\/wp-content\/uploads\/2025\/12\/Ronald-McDonald-01-250x141.jpg 250w\" sizes=\"auto, (max-width: 850px) 100vw, 850px\" \/><\/p>\n<p>Schon auf dem Weg ins benachbarte Universit\u00e4tsklinikum MUL-CT musste der Weihnachtsmann das ein oder andere Mal anhalten, weil er von leuchtenden Kinderaugen entdeckt worden war. Nat\u00fcrlich durften die Kleinen \u2013 mit Einverst\u00e4ndnis der Eltern \u2013 auch in den gro\u00dfen Sack greifen. Passenderweise war am Besuchstag gerade im Eingangbereich ein Konzert zugange, klar, dass die kleinen Besucher hier auch vom Weihnachtsmann beschenkt wurden. Auf der Kinderstation hatten wir uns im Vorfeld angek\u00fcndigt, weil wir nicht nur mit S\u00fc\u00dfigkeiten kommen wollten, die ja nicht alle jungen Patientinnen und Patienten vertragen. Beim Kameradschaftsabend hatten wir gesammelt, wie in jedem Jahr haben wieder mehrere Kameraden auf ihre j\u00e4hrliche Aufwandsentsch\u00e4digung verzichtet und es gab gro\u00dfz\u00fcgige Spender, so dass wir einen Scheck \u00fcber stolze 450 Euro an Chef\u00e4rztin Dr. Simone Stolz \u00fcberreichen konnten. Sie hatte davon bereits B\u00fccher, Spielzeug und Rucks\u00e4cke f\u00fcr Insulinpumpen besorgt.<\/p>\n<p><img loading=\"lazy\" decoding=\"async\" class=\"aligncenter size-medium wp-image-4941\" src=\"https:\/\/www.ff-kolkwitz.de\/wp-content\/uploads\/2025\/12\/MUL-CT-01-850x478.jpg\" alt=\"Scheck\u00fcbergabe im MUL-CT\" width=\"850\" height=\"478\" srcset=\"https:\/\/www.ff-kolkwitz.de\/wp-content\/uploads\/2025\/12\/MUL-CT-01-850x478.jpg 850w, https:\/\/www.ff-kolkwitz.de\/wp-content\/uploads\/2025\/12\/MUL-CT-01-1200x675.jpg 1200w, https:\/\/www.ff-kolkwitz.de\/wp-content\/uploads\/2025\/12\/MUL-CT-01-250x141.jpg 250w\" sizes=\"auto, (max-width: 850px) 100vw, 850px\" \/><\/p>\n<p>Wir erfuhren, dass 19 Kinder die Weihnachtstage auf der Station verbringen mussten und der Weihnachtsmann konnte f\u00fcr das ein oder andere strahlende Lachen sorgen, alleine daf\u00fcr hatte sich der Aufwand gelohnt.<\/p>\n<p>Bereits in der Vorwoche war der Feuerwehr-Weihnachtsmann in der Gro\u00dfgemeinde unterwegs, die Erzieherinnen der Naturkita Kinderwelten hatten im Vorfeld die Wunschliste \u00fcbermittelt. Die Freude war gro\u00df, als der Weihnachtsmann mehrere Packungen Magnet-Bausteine vorbeibrachte.<\/p>\n<div id='gallery-1' class='gallery galleryid-4940 gallery-columns-3 gallery-size-thumbnail'><figure class='gallery-item'>\n\t\t\t<div class='gallery-icon landscape'>\n\t\t\t\t<a href='https:\/\/www.ff-kolkwitz.de\/wp-content\/uploads\/2025\/12\/NaturKita-extern-scaled.jpg' rel=\"lightbox[4940]\"><img loading=\"lazy\" decoding=\"async\" width=\"250\" height=\"141\" src=\"https:\/\/www.ff-kolkwitz.de\/wp-content\/uploads\/2025\/12\/NaturKita-extern-250x141.jpg\" class=\"attachment-thumbnail size-thumbnail\" alt=\"\" srcset=\"https:\/\/www.ff-kolkwitz.de\/wp-content\/uploads\/2025\/12\/NaturKita-extern-250x141.jpg 250w, https:\/\/www.ff-kolkwitz.de\/wp-content\/uploads\/2025\/12\/NaturKita-extern-850x478.jpg 850w, https:\/\/www.ff-kolkwitz.de\/wp-content\/uploads\/2025\/12\/NaturKita-extern-1200x675.jpg 1200w\" sizes=\"auto, (max-width: 250px) 100vw, 250px\" \/><\/a>\n\t\t\t<\/div><\/figure><figure class='gallery-item'>\n\t\t\t<div class='gallery-icon landscape'>\n\t\t\t\t<a href='https:\/\/www.ff-kolkwitz.de\/wp-content\/uploads\/2025\/12\/NaturKita-extern2-scaled.jpg' rel=\"lightbox[4940]\"><img loading=\"lazy\" decoding=\"async\" width=\"250\" height=\"141\" src=\"https:\/\/www.ff-kolkwitz.de\/wp-content\/uploads\/2025\/12\/NaturKita-extern2-250x141.jpg\" class=\"attachment-thumbnail size-thumbnail\" alt=\"\" srcset=\"https:\/\/www.ff-kolkwitz.de\/wp-content\/uploads\/2025\/12\/NaturKita-extern2-250x141.jpg 250w, https:\/\/www.ff-kolkwitz.de\/wp-content\/uploads\/2025\/12\/NaturKita-extern2-850x478.jpg 850w, https:\/\/www.ff-kolkwitz.de\/wp-content\/uploads\/2025\/12\/NaturKita-extern2-1200x675.jpg 1200w\" sizes=\"auto, (max-width: 250px) 100vw, 250px\" \/><\/a>\n\t\t\t<\/div><\/figure><figure class='gallery-item'>\n\t\t\t<div class='gallery-icon landscape'>\n\t\t\t\t<a href='https:\/\/www.ff-kolkwitz.de\/wp-content\/uploads\/2025\/12\/NaturKita-extern3-scaled.jpg' rel=\"lightbox[4940]\"><img loading=\"lazy\" decoding=\"async\" width=\"250\" height=\"141\" src=\"https:\/\/www.ff-kolkwitz.de\/wp-content\/uploads\/2025\/12\/NaturKita-extern3-250x141.jpg\" class=\"attachment-thumbnail size-thumbnail\" alt=\"\" srcset=\"https:\/\/www.ff-kolkwitz.de\/wp-content\/uploads\/2025\/12\/NaturKita-extern3-250x141.jpg 250w, https:\/\/www.ff-kolkwitz.de\/wp-content\/uploads\/2025\/12\/NaturKita-extern3-850x478.jpg 850w, https:\/\/www.ff-kolkwitz.de\/wp-content\/uploads\/2025\/12\/NaturKita-extern3-1200x675.jpg 1200w\" sizes=\"auto, (max-width: 250px) 100vw, 250px\" \/><\/a>\n\t\t\t<\/div><\/figure>\n\t\t<\/div>\n\n<p>In der Kita Zwergenst\u00fcbchen hatten die Kinder eigentlich am Folgetag mit dem Weihnachtsmann gerechnet und waren etwas \u00fcberrascht, dass er schon so zeitig kam. Doch der Feuerwehr-Weihnachtsmann konnte aufkl\u00e4ren: Es gibt soviel zu tun, dass der Weihnachtsmann und sein Bruder sich die Arbeit teilen. Und so gab es bei der ersten von zwei Bescherungen auch hier B\u00fccher und Spielzeug. Und ein kleines St\u00e4ndchen f\u00fcr den Mann mit dem Sack.<\/p>\n<div id='gallery-2' class='gallery galleryid-4940 gallery-columns-2 gallery-size-thumbnail'><figure class='gallery-item'>\n\t\t\t<div class='gallery-icon landscape'>\n\t\t\t\t<a href='https:\/\/www.ff-kolkwitz.de\/wp-content\/uploads\/2025\/12\/Zwergenstuebchen02.jpg' rel=\"lightbox[4940]\"><img loading=\"lazy\" decoding=\"async\" width=\"250\" height=\"141\" src=\"https:\/\/www.ff-kolkwitz.de\/wp-content\/uploads\/2025\/12\/Zwergenstuebchen02-250x141.jpg\" class=\"attachment-thumbnail size-thumbnail\" alt=\"\" srcset=\"https:\/\/www.ff-kolkwitz.de\/wp-content\/uploads\/2025\/12\/Zwergenstuebchen02-250x141.jpg 250w, https:\/\/www.ff-kolkwitz.de\/wp-content\/uploads\/2025\/12\/Zwergenstuebchen02-850x478.jpg 850w, https:\/\/www.ff-kolkwitz.de\/wp-content\/uploads\/2025\/12\/Zwergenstuebchen02-1200x675.jpg 1200w\" sizes=\"auto, (max-width: 250px) 100vw, 250px\" \/><\/a>\n\t\t\t<\/div><\/figure><figure class='gallery-item'>\n\t\t\t<div class='gallery-icon landscape'>\n\t\t\t\t<a href='https:\/\/www.ff-kolkwitz.de\/wp-content\/uploads\/2025\/12\/Zwergenstuebchen01.jpg' rel=\"lightbox[4940]\"><img loading=\"lazy\" decoding=\"async\" width=\"250\" height=\"141\" src=\"https:\/\/www.ff-kolkwitz.de\/wp-content\/uploads\/2025\/12\/Zwergenstuebchen01-250x141.jpg\" class=\"attachment-thumbnail size-thumbnail\" alt=\"\" srcset=\"https:\/\/www.ff-kolkwitz.de\/wp-content\/uploads\/2025\/12\/Zwergenstuebchen01-250x141.jpg 250w, https:\/\/www.ff-kolkwitz.de\/wp-content\/uploads\/2025\/12\/Zwergenstuebchen01-850x478.jpg 850w, https:\/\/www.ff-kolkwitz.de\/wp-content\/uploads\/2025\/12\/Zwergenstuebchen01-1200x675.jpg 1200w\" sizes=\"auto, (max-width: 250px) 100vw, 250px\" \/><\/a>\n\t\t\t<\/div><\/figure>\n\t\t<\/div>\n\n<p>Und dann gab es noch eine ganz besondere Station f\u00fcr den Weihnachtsmann. Denn auch fast schon traditionell nutzen wir die Weihnachtsaktion, um uns bei Menschen zu bedanken, die sich in der Gemeinde engagieren und\/oder die Feuerwehr besonders unterst\u00fctzen. Und so wunderte sich Sebastian St\u00f6hr nicht schlecht, als der Weihnachtsmann auf dem Hof stand, als er nach Hause kam und f\u00fcr ihn und alle anderen Mitarbeiter des Bauhofs einige Geschenke \u00fcberreichte. Denn der Bauhof \u2013 und vor allem Sebastian \u2013 ist immer da, wenn man ihn braucht. Sei es im Einsatz, oder bei \u00dcbungen. Egal, ob Technik gebraucht wird, oder Material. Die \u00dcberraschung war gelungen:<\/p>\n<p><img loading=\"lazy\" decoding=\"async\" class=\"aligncenter size-medium wp-image-4950\" src=\"https:\/\/www.ff-kolkwitz.de\/wp-content\/uploads\/2025\/12\/Bauhof-850x478.jpg\" alt=\"Der Weihnachtsmann bei Familie St\u00f6hr\" width=\"850\" height=\"478\" srcset=\"https:\/\/www.ff-kolkwitz.de\/wp-content\/uploads\/2025\/12\/Bauhof-850x478.jpg 850w, https:\/\/www.ff-kolkwitz.de\/wp-content\/uploads\/2025\/12\/Bauhof-1200x675.jpg 1200w, https:\/\/www.ff-kolkwitz.de\/wp-content\/uploads\/2025\/12\/Bauhof-250x141.jpg 250w\" sizes=\"auto, (max-width: 850px) 100vw, 850px\" \/><\/p>\n<p>Wir bedanken uns bei allen, die diese Aktion seit Jahren unterst\u00fctzen, sei es finanziell, organisatorisch oder auch personell. Ein besonderer Dank gilt unseren Engelchen Frieda und Pia und und nat\u00fcrlich dem Weihnachtsmann! Wir bedanken uns auch bei wie Henry Frenzel, der seiner alten Ortswehr einen gro\u00dfz\u00fcgigen Betrag gespendet hat und beim Leiter des Kauflands Kolkwitz, Michelle Becker, der uns erneut jede Menge S\u00fc\u00dfigkeiten zur Verf\u00fcgung gestellt hat. Und im kommenden Jahr wird der Weihnachtsmann wieder auf Tour gehen.<\/p>\n","protected":false},"excerpt":{"rendered":"<p>Was als spontane Idee im Corona-Jahr 2020 begann, ist inzwischen zur festen Tradition geworden: Die [&hellip;]<\/p>\n","protected":false},"author":1,"featured_media":0,"comment_status":"open","ping_status":"open","sticky":false,"template":"","format":"standard","meta":{"footnotes":""},"categories":[16,17,19],"tags":[238,236,13,237,150],"class_list":["post-4940","post","type-post","status-publish","format-standard","hentry","category-internes","category-kokwitz","category-neues","tag-geschenke","tag-kinderhaus","tag-kita","tag-klinikum","tag-weihnachten"],"_links":{"self":[{"href":"https:\/\/www.ff-kolkwitz.de\/index.php?rest_route=\/wp\/v2\/posts\/4940","targetHints":{"allow":["GET"]}}],"collection":[{"href":"https:\/\/www.ff-kolkwitz.de\/index.php?rest_route=\/wp\/v2\/posts"}],"about":[{"href":"https:\/\/www.ff-kolkwitz.de\/index.php?rest_route=\/wp\/v2\/types\/post"}],"author":[{"embeddable":true,"href":"https:\/\/www.ff-kolkwitz.de\/index.php?rest_route=\/wp\/v2\/users\/1"}],"replies":[{"embeddable":true,"href":"https:\/\/www.ff-kolkwitz.de\/index.php?rest_route=%2Fwp%2Fv2%2Fcomments&post=4940"}],"version-history":[{"count":3,"href":"https:\/\/www.ff-kolkwitz.de\/index.php?rest_route=\/wp\/v2\/posts\/4940\/revisions"}],"predecessor-version":[{"id":4953,"href":"https:\/\/www.ff-kolkwitz.de\/index.php?rest_route=\/wp\/v2\/posts\/4940\/revisions\/4953"}],"wp:attachment":[{"href":"https:\/\/www.ff-kolkwitz.de\/index.php?rest_route=%2Fwp%2Fv2%2Fmedia&parent=4940"}],"wp:term":[{"taxonomy":"category","embeddable":true,"href":"https:\/\/www.ff-kolkwitz.de\/index.php?rest_route=%2Fwp%2Fv2%2Fcategories&post=4940"},{"taxonomy":"post_tag","embeddable":true,"href":"https:\/\/www.ff-kolkwitz.de\/index.php?rest_route=%2Fwp%2Fv2%2Ftags&post=4940"}],"curies":[{"name":"wp","href":"https:\/\/api.w.org\/{rel}","templated":true}]}}