{"id":4955,"date":"2026-01-19T21:37:29","date_gmt":"2026-01-19T19:37:29","guid":{"rendered":"https:\/\/www.ff-kolkwitz.de\/?p=4955"},"modified":"2026-01-19T21:37:29","modified_gmt":"2026-01-19T19:37:29","slug":"mal-wieder-echte-feuerwehr","status":"publish","type":"post","link":"https:\/\/www.ff-kolkwitz.de\/?p=4955","title":{"rendered":"Mal wieder echte FEUERwehr"},"content":{"rendered":"<p>88 Mal ist die Ortswehr Kolkwitz im vergangenen Jahr ausger\u00fcckt. Verglichen mit den Vorjahren war sehr oft tats\u00e4chlich ein Feuer der Grund f\u00fcr den Einsatz. Zur Jahreshauptversammlung am 16.01.2026 wurde Bilanz gezogen.<\/p>\n<p>Schaut man sich die Einsatzstatistik vergangener Jahre an, dann stellt man fest, dass der Name \u201eFEUERwehr\u201c nicht mehr ganz zutrifft: Nicht nur in Kolkwitz, machen Brandeins\u00e4tze nur noch rund ein Drittel der Gesamteins\u00e4tze aus. Viel \u00f6fter wird die Feuerwehr zu Verkehrsunf\u00e4llen, umgefallenen B\u00e4ume oder zur T\u00fcrnot\u00f6ffnung gerufen. Im Jahr 2025 war fast jedes zweite Mal ein Brandeinsatz der Grund, warum Sirene und Pieper f\u00fcr die Kolkwitzer Kameradinnen und Kameraden ging. Der Schwerpunkt lag hier vor allem im Juni, so Ortswehrf\u00fchrer Christian Otte bei seinem Jahresr\u00fcckblick: \u201eIch erinnere mich an einen Tag, da wurden wir f\u00fcnf Mal alarmiert und sind mit dem Hilfeleistungsl\u00f6schfahrzeug in den Wald gefahren, was wir sonst eigentlich selten machen, weil das eigentliche Waldbrandfahrzeug schon \u00fcber\u00f6rtlich im Einsatz war. Selbst das W50-Tankl\u00f6schfahrzeug, das eigentlich schon gar nicht mehr alarmiert wird, tauchte an der Einsatzstelle auf, da haben manche nicht schlecht geguckt.\u201c Die Kolkwitzer Ortswehr ist der St\u00fctzpfeiler f\u00fcr den Brandschutz in der Gro\u00dfgemeinde. Das zeigt sich schon daran, dass von 114 Gesamt-Eins\u00e4tzen f\u00fcr die Gemeindewehr ein Auto aus der Ortswehr mit rausgefahren ist. Und das auch \u00fcberorts, so Gemeindebrandmeister Steffen Theiler: \u201eBesonders im Bereich Burg war Kolkwitz gleich mehrfach gefordert. Und ich bin dankbar und stolz, dass das Einsatzziel in jedem Fall erf\u00fcllt worden ist.\u201c<\/p>\n<h3>Platzprobleme im Ger\u00e4tehaus<\/h3>\n<p>Und auch abseits der Einsatzstelle hat sich die Ortswehr ihren Ruf erarbeitet, der sich ausz\u00e4hlt und herumspricht: Sowohl die Einsatzabteilung als auch die Jugendfeuerwehr kann sich \u00fcber steigende Mitgliederzahlen freuen. Was allerdings inzwischen f\u00fcr erhebliche Platzprobleme sorgt. Zwar wurden weitere Umkleiden improvisiert, aber selbst hier ist schon jeder Haken wieder belegt. Und auch in der Fahrzeughalle ist es voller geworden. Die Gemeinde hat hier den neuen Mannschaftstransporter untergestellt und nat\u00fcrlich die Miet-Drehleiter. Um die bedienen zu k\u00f6nnen wurden sechs Kameraden in Rekordzeit zu Drehleitermaschinisten ausgebildet und sowohl die F\u00fchrungskr\u00e4fte als auch die restliche Truppe wurden am neuen Ger\u00e4t geschult, um es auch wirklich effektiv einsetzen zu k\u00f6nnen. So konnte die Leiter wie geplant zum 1. April in Dienst genommen werden und rollt seitdem regelm\u00e4\u00dfig mit nach drau\u00dfen und hat sich mehr als bew\u00e4hrt, so Christian Otte. Sechs mal ist die Leiter auch alleine angefordert worden. Das Ganze hat nat\u00fcrlich die Ausbildungsstunden in die H\u00f6he getrieben: \u00dcber 1.200 Stunden Aus- und Weiterbildung sind so im Jahr 2025 zusammengekommen. Insgesamt leisteten die Mitglieder der Ortswehr im vergangenen Jahr 8.000 Stunden ehrenamtliche Arbeit. W\u00fcrde man hierf\u00fcr nur den Mindestlohn von 13,90\u20ac ansetzen, entspr\u00e4che das Kosten von 111.200 Euro. Und die Feuerwehr ist jeden Cent davon wert.<\/p>\n<p>Personell und technisch ist die Ortswehr gut ger\u00fcstet f\u00fcr die Herausforderungen, die das Jahr 2026 mit sich bringen wird. Und schon jetzt steht fest: Das Stundenkonto der 50 Aktiven wird auch in diesem Jahr ordentlich klingeln.<\/p>\n<p>Im Rahmen der Jahreshauptversammlung wurden folgende Bef\u00f6rderungen und Auszeichnungen vorgenommen:<\/p>\n<table border=\"1\" width=\"80%\" cellspacing=\"0\" cellpadding=\"4\">\n<tbody>\n<tr>\n<td colspan=\"2\" valign=\"top\" width=\"100%\">\n<p align=\"center\"><b>Bef\u00f6rderungen<\/b><\/p>\n<\/td>\n<\/tr>\n<tr valign=\"top\">\n<td width=\"50%\">Zum Anw\u00e4rter<\/td>\n<td width=\"50%\">Felix Heyne<\/p>\n<p>Linus Lisk<\/p>\n<p>Julian Fietze<\/td>\n<\/tr>\n<tr valign=\"top\">\n<td width=\"50%\">Zu Feuerwehrfrau bzw. Feuerwehrmann<\/td>\n<td width=\"50%\">Kimberly Seidel<\/p>\n<p>Luca Woitow<\/p>\n<p>Stan Kuhne<\/p>\n<p>Lara Sobich<\/td>\n<\/tr>\n<tr valign=\"top\">\n<td width=\"50%\">Zu L\u00f6schmeisterin bzw. L\u00f6schmeister<\/td>\n<td width=\"50%\">Julia Koal<\/p>\n<p>Ren\u00e9 R\u00f6nnebeck<\/p>\n<p>Silvio Unger<\/td>\n<\/tr>\n<tr valign=\"top\">\n<td width=\"50%\">Zum Brandmeister<\/td>\n<td width=\"50%\">Norman Hoffmann<\/p>\n<p>Christian Bobowk<\/td>\n<\/tr>\n<tr>\n<td colspan=\"2\" valign=\"top\" width=\"100%\">\n<p align=\"center\"><b>Auszeichnungen<\/b><\/p>\n<\/td>\n<\/tr>\n<tr valign=\"top\">\n<td width=\"50%\">10 Jahre treue Dienste<\/td>\n<td width=\"50%\">Katrin Koal<\/p>\n<p>Ilona Dahley<\/p>\n<p>Philipp Bachmann<\/p>\n<p>Christoph Tietz<\/td>\n<\/tr>\n<tr valign=\"top\">\n<td width=\"50%\">20 Jahre treue Dienste<\/td>\n<td width=\"50%\">Jan Clausnitzer<\/td>\n<\/tr>\n<tr valign=\"top\">\n<td width=\"50%\">30 Jahre treue Dienste<\/td>\n<td width=\"50%\">Kerstin Neumann<\/p>\n<p>Ronny Schadow<\/td>\n<\/tr>\n<tr valign=\"top\">\n<td width=\"50%\">60 Jahre treue Dienste<\/td>\n<td width=\"50%\">Waltraud Dubrau<\/p>\n<p>Gisela Pujo<\/td>\n<\/tr>\n<tr valign=\"top\">\n<td width=\"50%\">Ehrenzeichen des Kreisfeuerwehrverbandes SPN e.V. in der Sonderstufe<\/td>\n<td width=\"50%\">Christian Otte<\/p>\n<p>Steffen Theiler<\/td>\n<\/tr>\n<tr valign=\"top\">\n<td width=\"50%\">Ehrenzeichen des Kreisfeuerwehrverbandes SPN e.V.<\/td>\n<td width=\"50%\">Christoph Rother<\/td>\n<\/tr>\n<tr valign=\"top\">\n<td width=\"50%\">Ehrenzeichen der Kreisjugendfeuerwehr in der Stufe Bronze<\/td>\n<td width=\"50%\">Jan Clausnitzer<\/td>\n<\/tr>\n<\/tbody>\n<\/table>\n<div id='gallery-1' class='gallery galleryid-4955 gallery-columns-3 gallery-size-thumbnail'><figure class='gallery-item'>\n\t\t\t<div class='gallery-icon landscape'>\n\t\t\t\t<a href='https:\/\/www.ff-kolkwitz.de\/wp-content\/uploads\/2026\/01\/2026-01-16-Anwaerter.jpg' rel=\"lightbox[4955]\"><img loading=\"lazy\" decoding=\"async\" width=\"250\" height=\"141\" src=\"https:\/\/www.ff-kolkwitz.de\/wp-content\/uploads\/2026\/01\/2026-01-16-Anwaerter-250x141.jpg\" class=\"attachment-thumbnail size-thumbnail\" alt=\"Zum Anw\u00e4rter bef\u00f6rdert\" aria-describedby=\"gallery-1-4970\" srcset=\"https:\/\/www.ff-kolkwitz.de\/wp-content\/uploads\/2026\/01\/2026-01-16-Anwaerter-250x141.jpg 250w, https:\/\/www.ff-kolkwitz.de\/wp-content\/uploads\/2026\/01\/2026-01-16-Anwaerter-850x478.jpg 850w, https:\/\/www.ff-kolkwitz.de\/wp-content\/uploads\/2026\/01\/2026-01-16-Anwaerter-1200x675.jpg 1200w\" sizes=\"auto, (max-width: 250px) 100vw, 250px\" \/><\/a>\n\t\t\t<\/div>\n\t\t\t\t<figcaption class='wp-caption-text gallery-caption' id='gallery-1-4970'>\n\t\t\t\tZum Anw\u00e4rter bef\u00f6rdert\n\t\t\t\t<\/figcaption><\/figure><figure class='gallery-item'>\n\t\t\t<div class='gallery-icon landscape'>\n\t\t\t\t<a href='https:\/\/www.ff-kolkwitz.de\/wp-content\/uploads\/2026\/01\/2026-01-16-FM.jpg' rel=\"lightbox[4955]\"><img loading=\"lazy\" decoding=\"async\" width=\"250\" height=\"141\" src=\"https:\/\/www.ff-kolkwitz.de\/wp-content\/uploads\/2026\/01\/2026-01-16-FM-250x141.jpg\" class=\"attachment-thumbnail size-thumbnail\" alt=\"Zum Feuerwehrmann bef\u00f6rdert\" aria-describedby=\"gallery-1-4969\" srcset=\"https:\/\/www.ff-kolkwitz.de\/wp-content\/uploads\/2026\/01\/2026-01-16-FM-250x141.jpg 250w, https:\/\/www.ff-kolkwitz.de\/wp-content\/uploads\/2026\/01\/2026-01-16-FM-850x478.jpg 850w, https:\/\/www.ff-kolkwitz.de\/wp-content\/uploads\/2026\/01\/2026-01-16-FM-1200x675.jpg 1200w\" sizes=\"auto, (max-width: 250px) 100vw, 250px\" \/><\/a>\n\t\t\t<\/div>\n\t\t\t\t<figcaption class='wp-caption-text gallery-caption' id='gallery-1-4969'>\n\t\t\t\tZum Feuerwehrmann bef\u00f6rdert\n\t\t\t\t<\/figcaption><\/figure><figure class='gallery-item'>\n\t\t\t<div class='gallery-icon landscape'>\n\t\t\t\t<a href='https:\/\/www.ff-kolkwitz.de\/wp-content\/uploads\/2026\/01\/2026-01-16-OFM.jpg' rel=\"lightbox[4955]\"><img loading=\"lazy\" decoding=\"async\" width=\"250\" height=\"141\" src=\"https:\/\/www.ff-kolkwitz.de\/wp-content\/uploads\/2026\/01\/2026-01-16-OFM-250x141.jpg\" class=\"attachment-thumbnail size-thumbnail\" alt=\"Zum L\u00f6schmeister bef\u00f6rdert\" aria-describedby=\"gallery-1-4968\" srcset=\"https:\/\/www.ff-kolkwitz.de\/wp-content\/uploads\/2026\/01\/2026-01-16-OFM-250x141.jpg 250w, https:\/\/www.ff-kolkwitz.de\/wp-content\/uploads\/2026\/01\/2026-01-16-OFM-850x478.jpg 850w, https:\/\/www.ff-kolkwitz.de\/wp-content\/uploads\/2026\/01\/2026-01-16-OFM-1200x675.jpg 1200w\" sizes=\"auto, (max-width: 250px) 100vw, 250px\" \/><\/a>\n\t\t\t<\/div>\n\t\t\t\t<figcaption class='wp-caption-text gallery-caption' id='gallery-1-4968'>\n\t\t\t\tZum L\u00f6schmeister bef\u00f6rdert\n\t\t\t\t<\/figcaption><\/figure><figure class='gallery-item'>\n\t\t\t<div class='gallery-icon landscape'>\n\t\t\t\t<a href='https:\/\/www.ff-kolkwitz.de\/wp-content\/uploads\/2026\/01\/2026-01-16-BM.jpg' rel=\"lightbox[4955]\"><img loading=\"lazy\" decoding=\"async\" width=\"250\" height=\"141\" src=\"https:\/\/www.ff-kolkwitz.de\/wp-content\/uploads\/2026\/01\/2026-01-16-BM-250x141.jpg\" class=\"attachment-thumbnail size-thumbnail\" alt=\"Zum Brandmeister bef\u00f6rdert\" aria-describedby=\"gallery-1-4967\" srcset=\"https:\/\/www.ff-kolkwitz.de\/wp-content\/uploads\/2026\/01\/2026-01-16-BM-250x141.jpg 250w, https:\/\/www.ff-kolkwitz.de\/wp-content\/uploads\/2026\/01\/2026-01-16-BM-850x478.jpg 850w, https:\/\/www.ff-kolkwitz.de\/wp-content\/uploads\/2026\/01\/2026-01-16-BM-1200x675.jpg 1200w\" sizes=\"auto, (max-width: 250px) 100vw, 250px\" \/><\/a>\n\t\t\t<\/div>\n\t\t\t\t<figcaption class='wp-caption-text gallery-caption' id='gallery-1-4967'>\n\t\t\t\tZum Brandmeister bef\u00f6rdert\n\t\t\t\t<\/figcaption><\/figure><figure class='gallery-item'>\n\t\t\t<div class='gallery-icon landscape'>\n\t\t\t\t<a href='https:\/\/www.ff-kolkwitz.de\/wp-content\/uploads\/2026\/01\/2026-01-16-10-Jahre.jpg' rel=\"lightbox[4955]\"><img loading=\"lazy\" decoding=\"async\" width=\"250\" height=\"141\" src=\"https:\/\/www.ff-kolkwitz.de\/wp-content\/uploads\/2026\/01\/2026-01-16-10-Jahre-250x141.jpg\" class=\"attachment-thumbnail size-thumbnail\" alt=\"10 Jahre treu Dienste\" aria-describedby=\"gallery-1-4966\" srcset=\"https:\/\/www.ff-kolkwitz.de\/wp-content\/uploads\/2026\/01\/2026-01-16-10-Jahre-250x141.jpg 250w, https:\/\/www.ff-kolkwitz.de\/wp-content\/uploads\/2026\/01\/2026-01-16-10-Jahre-850x478.jpg 850w, https:\/\/www.ff-kolkwitz.de\/wp-content\/uploads\/2026\/01\/2026-01-16-10-Jahre-1200x675.jpg 1200w\" sizes=\"auto, (max-width: 250px) 100vw, 250px\" \/><\/a>\n\t\t\t<\/div>\n\t\t\t\t<figcaption class='wp-caption-text gallery-caption' id='gallery-1-4966'>\n\t\t\t\t10 Jahre treu Dienste\n\t\t\t\t<\/figcaption><\/figure><figure class='gallery-item'>\n\t\t\t<div class='gallery-icon landscape'>\n\t\t\t\t<a href='https:\/\/www.ff-kolkwitz.de\/wp-content\/uploads\/2026\/01\/2026-01-16-20-Jahre.jpg' rel=\"lightbox[4955]\"><img loading=\"lazy\" decoding=\"async\" width=\"250\" height=\"141\" src=\"https:\/\/www.ff-kolkwitz.de\/wp-content\/uploads\/2026\/01\/2026-01-16-20-Jahre-250x141.jpg\" class=\"attachment-thumbnail size-thumbnail\" alt=\"20 Jahre treue Dienste\" aria-describedby=\"gallery-1-4965\" srcset=\"https:\/\/www.ff-kolkwitz.de\/wp-content\/uploads\/2026\/01\/2026-01-16-20-Jahre-250x141.jpg 250w, https:\/\/www.ff-kolkwitz.de\/wp-content\/uploads\/2026\/01\/2026-01-16-20-Jahre-850x478.jpg 850w, https:\/\/www.ff-kolkwitz.de\/wp-content\/uploads\/2026\/01\/2026-01-16-20-Jahre-1200x675.jpg 1200w\" sizes=\"auto, (max-width: 250px) 100vw, 250px\" \/><\/a>\n\t\t\t<\/div>\n\t\t\t\t<figcaption class='wp-caption-text gallery-caption' id='gallery-1-4965'>\n\t\t\t\t20 Jahre treue Dienste\n\t\t\t\t<\/figcaption><\/figure><figure class='gallery-item'>\n\t\t\t<div class='gallery-icon landscape'>\n\t\t\t\t<a href='https:\/\/www.ff-kolkwitz.de\/wp-content\/uploads\/2026\/01\/2026-01-16-30-Jahre.jpg' rel=\"lightbox[4955]\"><img loading=\"lazy\" decoding=\"async\" width=\"250\" height=\"141\" src=\"https:\/\/www.ff-kolkwitz.de\/wp-content\/uploads\/2026\/01\/2026-01-16-30-Jahre-250x141.jpg\" class=\"attachment-thumbnail size-thumbnail\" alt=\"30 Jahre treue Dienste\" aria-describedby=\"gallery-1-4959\" srcset=\"https:\/\/www.ff-kolkwitz.de\/wp-content\/uploads\/2026\/01\/2026-01-16-30-Jahre-250x141.jpg 250w, https:\/\/www.ff-kolkwitz.de\/wp-content\/uploads\/2026\/01\/2026-01-16-30-Jahre-850x478.jpg 850w, https:\/\/www.ff-kolkwitz.de\/wp-content\/uploads\/2026\/01\/2026-01-16-30-Jahre-1200x675.jpg 1200w\" sizes=\"auto, (max-width: 250px) 100vw, 250px\" \/><\/a>\n\t\t\t<\/div>\n\t\t\t\t<figcaption class='wp-caption-text gallery-caption' id='gallery-1-4959'>\n\t\t\t\t30 Jahre treue Dienste\n\t\t\t\t<\/figcaption><\/figure><figure class='gallery-item'>\n\t\t\t<div class='gallery-icon landscape'>\n\t\t\t\t<a href='https:\/\/www.ff-kolkwitz.de\/wp-content\/uploads\/2026\/01\/2026-01-16-EZ-KJF.jpg' rel=\"lightbox[4955]\"><img loading=\"lazy\" decoding=\"async\" width=\"250\" height=\"141\" src=\"https:\/\/www.ff-kolkwitz.de\/wp-content\/uploads\/2026\/01\/2026-01-16-EZ-KJF-250x141.jpg\" class=\"attachment-thumbnail size-thumbnail\" alt=\"Ehrenzeichen der Kreisjugendfeuerwehr\" aria-describedby=\"gallery-1-4964\" srcset=\"https:\/\/www.ff-kolkwitz.de\/wp-content\/uploads\/2026\/01\/2026-01-16-EZ-KJF-250x141.jpg 250w, https:\/\/www.ff-kolkwitz.de\/wp-content\/uploads\/2026\/01\/2026-01-16-EZ-KJF-850x478.jpg 850w, https:\/\/www.ff-kolkwitz.de\/wp-content\/uploads\/2026\/01\/2026-01-16-EZ-KJF-1200x675.jpg 1200w\" sizes=\"auto, (max-width: 250px) 100vw, 250px\" \/><\/a>\n\t\t\t<\/div>\n\t\t\t\t<figcaption class='wp-caption-text gallery-caption' id='gallery-1-4964'>\n\t\t\t\tEhrenzeichen der Kreisjugendfeuerwehr\n\t\t\t\t<\/figcaption><\/figure><figure class='gallery-item'>\n\t\t\t<div class='gallery-icon landscape'>\n\t\t\t\t<a href='https:\/\/www.ff-kolkwitz.de\/wp-content\/uploads\/2026\/01\/2026-01-16-EZ-KFV.jpg' rel=\"lightbox[4955]\"><img loading=\"lazy\" decoding=\"async\" width=\"250\" height=\"141\" src=\"https:\/\/www.ff-kolkwitz.de\/wp-content\/uploads\/2026\/01\/2026-01-16-EZ-KFV-250x141.jpg\" class=\"attachment-thumbnail size-thumbnail\" alt=\"Ehrenzeichen des KFV\" aria-describedby=\"gallery-1-4963\" srcset=\"https:\/\/www.ff-kolkwitz.de\/wp-content\/uploads\/2026\/01\/2026-01-16-EZ-KFV-250x141.jpg 250w, https:\/\/www.ff-kolkwitz.de\/wp-content\/uploads\/2026\/01\/2026-01-16-EZ-KFV-850x478.jpg 850w, https:\/\/www.ff-kolkwitz.de\/wp-content\/uploads\/2026\/01\/2026-01-16-EZ-KFV-1200x675.jpg 1200w\" sizes=\"auto, (max-width: 250px) 100vw, 250px\" \/><\/a>\n\t\t\t<\/div>\n\t\t\t\t<figcaption class='wp-caption-text gallery-caption' id='gallery-1-4963'>\n\t\t\t\tEhrenzeichen des KFV\n\t\t\t\t<\/figcaption><\/figure><figure class='gallery-item'>\n\t\t\t<div class='gallery-icon landscape'>\n\t\t\t\t<a href='https:\/\/www.ff-kolkwitz.de\/wp-content\/uploads\/2026\/01\/2026-01-16-EZ-KFV-S.jpg' rel=\"lightbox[4955]\"><img loading=\"lazy\" decoding=\"async\" width=\"250\" height=\"141\" src=\"https:\/\/www.ff-kolkwitz.de\/wp-content\/uploads\/2026\/01\/2026-01-16-EZ-KFV-S-250x141.jpg\" class=\"attachment-thumbnail size-thumbnail\" alt=\"Ehrenzeichen in der Sonderstufe\" aria-describedby=\"gallery-1-4962\" srcset=\"https:\/\/www.ff-kolkwitz.de\/wp-content\/uploads\/2026\/01\/2026-01-16-EZ-KFV-S-250x141.jpg 250w, https:\/\/www.ff-kolkwitz.de\/wp-content\/uploads\/2026\/01\/2026-01-16-EZ-KFV-S-850x478.jpg 850w, https:\/\/www.ff-kolkwitz.de\/wp-content\/uploads\/2026\/01\/2026-01-16-EZ-KFV-S-1200x675.jpg 1200w\" sizes=\"auto, (max-width: 250px) 100vw, 250px\" \/><\/a>\n\t\t\t<\/div>\n\t\t\t\t<figcaption class='wp-caption-text gallery-caption' id='gallery-1-4962'>\n\t\t\t\tEhrenzeichen in der Sonderstufe\n\t\t\t\t<\/figcaption><\/figure><figure class='gallery-item'>\n\t\t\t<div class='gallery-icon landscape'>\n\t\t\t\t<a href='https:\/\/www.ff-kolkwitz.de\/wp-content\/uploads\/2026\/01\/2026-01-16-FIII.jpg' rel=\"lightbox[4955]\"><img loading=\"lazy\" decoding=\"async\" width=\"250\" height=\"141\" src=\"https:\/\/www.ff-kolkwitz.de\/wp-content\/uploads\/2026\/01\/2026-01-16-FIII-250x141.jpg\" class=\"attachment-thumbnail size-thumbnail\" alt=\"Bestandener Gruppenf\u00fcherlehrgang\" aria-describedby=\"gallery-1-4961\" srcset=\"https:\/\/www.ff-kolkwitz.de\/wp-content\/uploads\/2026\/01\/2026-01-16-FIII-250x141.jpg 250w, https:\/\/www.ff-kolkwitz.de\/wp-content\/uploads\/2026\/01\/2026-01-16-FIII-850x478.jpg 850w, https:\/\/www.ff-kolkwitz.de\/wp-content\/uploads\/2026\/01\/2026-01-16-FIII-1200x675.jpg 1200w\" sizes=\"auto, (max-width: 250px) 100vw, 250px\" \/><\/a>\n\t\t\t<\/div>\n\t\t\t\t<figcaption class='wp-caption-text gallery-caption' id='gallery-1-4961'>\n\t\t\t\tBestandener Gruppenf\u00fcherlehrgang\n\t\t\t\t<\/figcaption><\/figure><figure class='gallery-item'>\n\t\t\t<div class='gallery-icon landscape'>\n\t\t\t\t<a href='https:\/\/www.ff-kolkwitz.de\/wp-content\/uploads\/2026\/01\/2026-01-16-Truppfuehrer.jpg' rel=\"lightbox[4955]\"><img loading=\"lazy\" decoding=\"async\" width=\"250\" height=\"141\" src=\"https:\/\/www.ff-kolkwitz.de\/wp-content\/uploads\/2026\/01\/2026-01-16-Truppfuehrer-250x141.jpg\" class=\"attachment-thumbnail size-thumbnail\" alt=\"Truppf\u00fchrer bestanden\" aria-describedby=\"gallery-1-4958\" srcset=\"https:\/\/www.ff-kolkwitz.de\/wp-content\/uploads\/2026\/01\/2026-01-16-Truppfuehrer-250x141.jpg 250w, https:\/\/www.ff-kolkwitz.de\/wp-content\/uploads\/2026\/01\/2026-01-16-Truppfuehrer-850x478.jpg 850w, https:\/\/www.ff-kolkwitz.de\/wp-content\/uploads\/2026\/01\/2026-01-16-Truppfuehrer-1200x675.jpg 1200w\" sizes=\"auto, (max-width: 250px) 100vw, 250px\" \/><\/a>\n\t\t\t<\/div>\n\t\t\t\t<figcaption class='wp-caption-text gallery-caption' id='gallery-1-4958'>\n\t\t\t\tTruppf\u00fchrer bestanden\n\t\t\t\t<\/figcaption><\/figure><figure class='gallery-item'>\n\t\t\t<div class='gallery-icon landscape'>\n\t\t\t\t<a href='https:\/\/www.ff-kolkwitz.de\/wp-content\/uploads\/2026\/01\/2026-01-16-Truppmann.jpg' rel=\"lightbox[4955]\"><img loading=\"lazy\" decoding=\"async\" width=\"250\" height=\"141\" src=\"https:\/\/www.ff-kolkwitz.de\/wp-content\/uploads\/2026\/01\/2026-01-16-Truppmann-250x141.jpg\" class=\"attachment-thumbnail size-thumbnail\" alt=\"Truppmann bestanden\" aria-describedby=\"gallery-1-4956\" srcset=\"https:\/\/www.ff-kolkwitz.de\/wp-content\/uploads\/2026\/01\/2026-01-16-Truppmann-250x141.jpg 250w, https:\/\/www.ff-kolkwitz.de\/wp-content\/uploads\/2026\/01\/2026-01-16-Truppmann-850x478.jpg 850w, https:\/\/www.ff-kolkwitz.de\/wp-content\/uploads\/2026\/01\/2026-01-16-Truppmann-1200x675.jpg 1200w\" sizes=\"auto, (max-width: 250px) 100vw, 250px\" \/><\/a>\n\t\t\t<\/div>\n\t\t\t\t<figcaption class='wp-caption-text gallery-caption' id='gallery-1-4956'>\n\t\t\t\tTruppmann bestanden\n\t\t\t\t<\/figcaption><\/figure><figure class='gallery-item'>\n\t\t\t<div class='gallery-icon landscape'>\n\t\t\t\t<a href='https:\/\/www.ff-kolkwitz.de\/wp-content\/uploads\/2026\/01\/2026-01-16-DL-Maschinisten.jpg' rel=\"lightbox[4955]\"><img loading=\"lazy\" decoding=\"async\" width=\"250\" height=\"141\" src=\"https:\/\/www.ff-kolkwitz.de\/wp-content\/uploads\/2026\/01\/2026-01-16-DL-Maschinisten-250x141.jpg\" class=\"attachment-thumbnail size-thumbnail\" alt=\"Die sechs neuen Drehleitermaschinisten\" aria-describedby=\"gallery-1-4960\" srcset=\"https:\/\/www.ff-kolkwitz.de\/wp-content\/uploads\/2026\/01\/2026-01-16-DL-Maschinisten-250x141.jpg 250w, https:\/\/www.ff-kolkwitz.de\/wp-content\/uploads\/2026\/01\/2026-01-16-DL-Maschinisten-850x478.jpg 850w, https:\/\/www.ff-kolkwitz.de\/wp-content\/uploads\/2026\/01\/2026-01-16-DL-Maschinisten-1200x675.jpg 1200w\" sizes=\"auto, (max-width: 250px) 100vw, 250px\" \/><\/a>\n\t\t\t<\/div>\n\t\t\t\t<figcaption class='wp-caption-text gallery-caption' id='gallery-1-4960'>\n\t\t\t\tDie sechs neuen Drehleitermaschinisten\n\t\t\t\t<\/figcaption><\/figure><figure class='gallery-item'>\n\t\t\t<div class='gallery-icon landscape'>\n\t\t\t\t<a href='https:\/\/www.ff-kolkwitz.de\/wp-content\/uploads\/2026\/01\/2026-01-16-Sprechfunker.jpg' rel=\"lightbox[4955]\"><img loading=\"lazy\" decoding=\"async\" width=\"250\" height=\"141\" src=\"https:\/\/www.ff-kolkwitz.de\/wp-content\/uploads\/2026\/01\/2026-01-16-Sprechfunker-250x141.jpg\" class=\"attachment-thumbnail size-thumbnail\" alt=\"Sprechfunkerausbildung bestanden\" aria-describedby=\"gallery-1-4957\" srcset=\"https:\/\/www.ff-kolkwitz.de\/wp-content\/uploads\/2026\/01\/2026-01-16-Sprechfunker-250x141.jpg 250w, https:\/\/www.ff-kolkwitz.de\/wp-content\/uploads\/2026\/01\/2026-01-16-Sprechfunker-850x478.jpg 850w, https:\/\/www.ff-kolkwitz.de\/wp-content\/uploads\/2026\/01\/2026-01-16-Sprechfunker-1200x675.jpg 1200w\" sizes=\"auto, (max-width: 250px) 100vw, 250px\" \/><\/a>\n\t\t\t<\/div>\n\t\t\t\t<figcaption class='wp-caption-text gallery-caption' id='gallery-1-4957'>\n\t\t\t\tSprechfunkerausbildung bestanden\n\t\t\t\t<\/figcaption><\/figure>\n\t\t<\/div>\n\n<p>&nbsp;<\/p>\n<p>&nbsp;<\/p>\n","protected":false},"excerpt":{"rendered":"<p>88 Mal ist die Ortswehr Kolkwitz im vergangenen Jahr ausger\u00fcckt. Verglichen mit den Vorjahren war [&hellip;]<\/p>\n","protected":false},"author":1,"featured_media":4971,"comment_status":"open","ping_status":"open","sticky":false,"template":"","format":"standard","meta":{"footnotes":""},"categories":[1,16,17,19],"tags":[],"class_list":["post-4955","post","type-post","status-publish","format-standard","has-post-thumbnail","hentry","category-allgemein","category-internes","category-kokwitz","category-neues"],"_links":{"self":[{"href":"https:\/\/www.ff-kolkwitz.de\/index.php?rest_route=\/wp\/v2\/posts\/4955","targetHints":{"allow":["GET"]}}],"collection":[{"href":"https:\/\/www.ff-kolkwitz.de\/index.php?rest_route=\/wp\/v2\/posts"}],"about":[{"href":"https:\/\/www.ff-kolkwitz.de\/index.php?rest_route=\/wp\/v2\/types\/post"}],"author":[{"embeddable":true,"href":"https:\/\/www.ff-kolkwitz.de\/index.php?rest_route=\/wp\/v2\/users\/1"}],"replies":[{"embeddable":true,"href":"https:\/\/www.ff-kolkwitz.de\/index.php?rest_route=%2Fwp%2Fv2%2Fcomments&post=4955"}],"version-history":[{"count":1,"href":"https:\/\/www.ff-kolkwitz.de\/index.php?rest_route=\/wp\/v2\/posts\/4955\/revisions"}],"predecessor-version":[{"id":4972,"href":"https:\/\/www.ff-kolkwitz.de\/index.php?rest_route=\/wp\/v2\/posts\/4955\/revisions\/4972"}],"wp:featuredmedia":[{"embeddable":true,"href":"https:\/\/www.ff-kolkwitz.de\/index.php?rest_route=\/wp\/v2\/media\/4971"}],"wp:attachment":[{"href":"https:\/\/www.ff-kolkwitz.de\/index.php?rest_route=%2Fwp%2Fv2%2Fmedia&parent=4955"}],"wp:term":[{"taxonomy":"category","embeddable":true,"href":"https:\/\/www.ff-kolkwitz.de\/index.php?rest_route=%2Fwp%2Fv2%2Fcategories&post=4955"},{"taxonomy":"post_tag","embeddable":true,"href":"https:\/\/www.ff-kolkwitz.de\/index.php?rest_route=%2Fwp%2Fv2%2Ftags&post=4955"}],"curies":[{"name":"wp","href":"https:\/\/api.w.org\/{rel}","templated":true}]}}