{"id":505,"date":"2015-05-31T06:00:15","date_gmt":"2015-05-31T05:00:15","guid":{"rendered":"http:\/\/www.ff-kolkwitz.de\/?p=505"},"modified":"2015-05-29T19:43:13","modified_gmt":"2015-05-29T18:43:13","slug":"fertig-zum-feiern","status":"publish","type":"post","link":"https:\/\/www.ff-kolkwitz.de\/?p=505","title":{"rendered":"Fertig zum Feiern"},"content":{"rendered":"<p>Wir geben zu, ein bi\u00dfchen hatten wir gebangt, ob das Umfeld des Ger\u00e4tehauses tats\u00e4chlich bis zu unserem <a href=\"https:\/\/www.ff-kolkwitz.de\/?mc-events=jubilaeumsfeier\" target=\"_blank\">Jubil\u00e4um<\/a> fertig werden w\u00fcrde.<\/p>\n<p>Aber nun ist der letzte Stein gesetzt, das Gras anges\u00e4ht, der Rollrasen verlegt, kurz: Der erste Bauabschnitt ist fertig! Genug Platz zum Feiern.<\/p>\n<p>Unser Jugendwart Christian Otte hat den Baufortschritt immer mal wieder in Bildern festgehalten:<\/p>\n<div id='gallery-1' class='gallery galleryid-505 gallery-columns-3 gallery-size-thumbnail'><figure class='gallery-item'>\n\t\t\t<div class='gallery-icon landscape'>\n\t\t\t\t<a href='https:\/\/www.ff-kolkwitz.de\/wp-content\/uploads\/2015\/05\/Umfeld01.jpg' rel=\"lightbox[505]\"><img loading=\"lazy\" decoding=\"async\" width=\"141\" height=\"141\" src=\"https:\/\/www.ff-kolkwitz.de\/wp-content\/uploads\/2015\/05\/Umfeld01-150x150.jpg\" class=\"attachment-thumbnail size-thumbnail\" alt=\"\" \/><\/a>\n\t\t\t<\/div><\/figure><figure class='gallery-item'>\n\t\t\t<div class='gallery-icon landscape'>\n\t\t\t\t<a href='https:\/\/www.ff-kolkwitz.de\/wp-content\/uploads\/2015\/05\/Umfeld02.jpg' rel=\"lightbox[505]\"><img loading=\"lazy\" decoding=\"async\" width=\"141\" height=\"141\" src=\"https:\/\/www.ff-kolkwitz.de\/wp-content\/uploads\/2015\/05\/Umfeld02-150x150.jpg\" class=\"attachment-thumbnail size-thumbnail\" alt=\"\" \/><\/a>\n\t\t\t<\/div><\/figure><figure class='gallery-item'>\n\t\t\t<div class='gallery-icon landscape'>\n\t\t\t\t<a href='https:\/\/www.ff-kolkwitz.de\/wp-content\/uploads\/2015\/05\/Umfeld03.jpg' rel=\"lightbox[505]\"><img loading=\"lazy\" decoding=\"async\" width=\"141\" height=\"141\" src=\"https:\/\/www.ff-kolkwitz.de\/wp-content\/uploads\/2015\/05\/Umfeld03-150x150.jpg\" class=\"attachment-thumbnail size-thumbnail\" alt=\"\" \/><\/a>\n\t\t\t<\/div><\/figure><figure class='gallery-item'>\n\t\t\t<div class='gallery-icon landscape'>\n\t\t\t\t<a href='https:\/\/www.ff-kolkwitz.de\/wp-content\/uploads\/2015\/05\/Umfeld04.jpg' rel=\"lightbox[505]\"><img loading=\"lazy\" decoding=\"async\" width=\"141\" height=\"141\" src=\"https:\/\/www.ff-kolkwitz.de\/wp-content\/uploads\/2015\/05\/Umfeld04-150x150.jpg\" class=\"attachment-thumbnail size-thumbnail\" alt=\"\" \/><\/a>\n\t\t\t<\/div><\/figure><figure class='gallery-item'>\n\t\t\t<div class='gallery-icon landscape'>\n\t\t\t\t<a href='https:\/\/www.ff-kolkwitz.de\/wp-content\/uploads\/2015\/05\/Umfeld05.jpg' rel=\"lightbox[505]\"><img loading=\"lazy\" decoding=\"async\" width=\"141\" height=\"141\" src=\"https:\/\/www.ff-kolkwitz.de\/wp-content\/uploads\/2015\/05\/Umfeld05-150x150.jpg\" class=\"attachment-thumbnail size-thumbnail\" alt=\"\" \/><\/a>\n\t\t\t<\/div><\/figure>\n\t\t<\/div>\n\n<p>Und nach dem Jubil\u00e4um gehts weiter mit Bauabschnitt II &#8211; rund ums alte Ger\u00e4tehaus.<\/p>\n","protected":false},"excerpt":{"rendered":"<p>Wir geben zu, ein bi\u00dfchen hatten wir gebangt, ob das Umfeld des Ger\u00e4tehauses tats\u00e4chlich bis [&hellip;]<\/p>\n","protected":false},"author":1,"featured_media":0,"comment_status":"open","ping_status":"open","sticky":false,"template":"","format":"standard","meta":{"footnotes":""},"categories":[1],"tags":[99,92],"class_list":["post-505","post","type-post","status-publish","format-standard","hentry","category-allgemein","tag-geraetehaus","tag-jubilaeum"],"_links":{"self":[{"href":"https:\/\/www.ff-kolkwitz.de\/index.php?rest_route=\/wp\/v2\/posts\/505","targetHints":{"allow":["GET"]}}],"collection":[{"href":"https:\/\/www.ff-kolkwitz.de\/index.php?rest_route=\/wp\/v2\/posts"}],"about":[{"href":"https:\/\/www.ff-kolkwitz.de\/index.php?rest_route=\/wp\/v2\/types\/post"}],"author":[{"embeddable":true,"href":"https:\/\/www.ff-kolkwitz.de\/index.php?rest_route=\/wp\/v2\/users\/1"}],"replies":[{"embeddable":true,"href":"https:\/\/www.ff-kolkwitz.de\/index.php?rest_route=%2Fwp%2Fv2%2Fcomments&post=505"}],"version-history":[{"count":1,"href":"https:\/\/www.ff-kolkwitz.de\/index.php?rest_route=\/wp\/v2\/posts\/505\/revisions"}],"predecessor-version":[{"id":511,"href":"https:\/\/www.ff-kolkwitz.de\/index.php?rest_route=\/wp\/v2\/posts\/505\/revisions\/511"}],"wp:attachment":[{"href":"https:\/\/www.ff-kolkwitz.de\/index.php?rest_route=%2Fwp%2Fv2%2Fmedia&parent=505"}],"wp:term":[{"taxonomy":"category","embeddable":true,"href":"https:\/\/www.ff-kolkwitz.de\/index.php?rest_route=%2Fwp%2Fv2%2Fcategories&post=505"},{"taxonomy":"post_tag","embeddable":true,"href":"https:\/\/www.ff-kolkwitz.de\/index.php?rest_route=%2Fwp%2Fv2%2Ftags&post=505"}],"curies":[{"name":"wp","href":"https:\/\/api.w.org\/{rel}","templated":true}]}}