{"id":512,"date":"2015-05-29T21:41:30","date_gmt":"2015-05-29T20:41:30","guid":{"rendered":"http:\/\/www.ff-kolkwitz.de\/?p=512"},"modified":"2015-05-29T21:41:30","modified_gmt":"2015-05-29T20:41:30","slug":"wer-einen-feuerwehrmann-heiratet","status":"publish","type":"post","link":"https:\/\/www.ff-kolkwitz.de\/?p=512","title":{"rendered":"Wer einen Feuerwehrmann heiratet&#8230;"},"content":{"rendered":"<p>&#8230;.der heiratet auch die Feuerwehr mit \ud83d\ude42<a href=\"https:\/\/www.ff-kolkwitz.de\/wp-content\/uploads\/2015\/05\/Hochzeit05.jpg\" rel=\"lightbox[512]\"><img loading=\"lazy\" decoding=\"async\" class=\"aligncenter size-large wp-image-517\" src=\"https:\/\/www.ff-kolkwitz.de\/wp-content\/uploads\/2015\/05\/Hochzeit05-1024x683.jpg\" alt=\"Hochzeit05\" width=\"565\" height=\"377\" srcset=\"https:\/\/www.ff-kolkwitz.de\/wp-content\/uploads\/2015\/05\/Hochzeit05-1024x683.jpg 1024w, https:\/\/www.ff-kolkwitz.de\/wp-content\/uploads\/2015\/05\/Hochzeit05-300x200.jpg 300w, https:\/\/www.ff-kolkwitz.de\/wp-content\/uploads\/2015\/05\/Hochzeit05-150x100.jpg 150w\" sizes=\"auto, (max-width: 565px) 100vw, 565px\" \/><\/a><\/p>\n<p>Frei nach diesem Motto haben wir bei der Hochzeit unseres Kameraden Christoph Mitte Mai nat\u00fcrlich mit einem ganz speziellen Geschenk aufwarten k\u00f6nnen:<\/p>\n<p><a href=\"https:\/\/www.ff-kolkwitz.de\/wp-content\/uploads\/2015\/05\/Hochzeit03.jpg\" rel=\"lightbox[512]\"><img loading=\"lazy\" decoding=\"async\" class=\"aligncenter size-large wp-image-515\" src=\"https:\/\/www.ff-kolkwitz.de\/wp-content\/uploads\/2015\/05\/Hochzeit03-1024x683.jpg\" alt=\"Hochzeit03\" width=\"565\" height=\"377\" srcset=\"https:\/\/www.ff-kolkwitz.de\/wp-content\/uploads\/2015\/05\/Hochzeit03-1024x683.jpg 1024w, https:\/\/www.ff-kolkwitz.de\/wp-content\/uploads\/2015\/05\/Hochzeit03-300x200.jpg 300w, https:\/\/www.ff-kolkwitz.de\/wp-content\/uploads\/2015\/05\/Hochzeit03-150x100.jpg 150w\" sizes=\"auto, (max-width: 565px) 100vw, 565px\" \/><\/a><\/p>\n<p>Mit freundlicher Unterst\u00fctzung der Vetschauer Wehr sollte es f\u00fcr das frisch gebackene Brautpaar ganz hoch hinaus gehen.<\/p>\n<p><a href=\"https:\/\/www.ff-kolkwitz.de\/wp-content\/uploads\/2015\/05\/Hochzeit04.jpg\" rel=\"lightbox[512]\"><img loading=\"lazy\" decoding=\"async\" class=\"aligncenter size-large wp-image-516\" src=\"https:\/\/www.ff-kolkwitz.de\/wp-content\/uploads\/2015\/05\/Hochzeit04-1024x683.jpg\" alt=\"Hochzeit04\" width=\"565\" height=\"377\" srcset=\"https:\/\/www.ff-kolkwitz.de\/wp-content\/uploads\/2015\/05\/Hochzeit04-1024x683.jpg 1024w, https:\/\/www.ff-kolkwitz.de\/wp-content\/uploads\/2015\/05\/Hochzeit04-300x200.jpg 300w, https:\/\/www.ff-kolkwitz.de\/wp-content\/uploads\/2015\/05\/Hochzeit04-150x100.jpg 150w\" sizes=\"auto, (max-width: 565px) 100vw, 565px\" \/><\/a><\/p>\n<p>Daf\u00fcr mussten Christoph und Sandra nat\u00fcrlich erst einmal durch ein Spalier<\/p>\n<p><a href=\"https:\/\/www.ff-kolkwitz.de\/wp-content\/uploads\/2015\/05\/Hochzeit06.jpg\" rel=\"lightbox[512]\"><img loading=\"lazy\" decoding=\"async\" class=\"aligncenter size-large wp-image-518\" src=\"https:\/\/www.ff-kolkwitz.de\/wp-content\/uploads\/2015\/05\/Hochzeit06-1024x683.jpg\" alt=\"Hochzeit06\" width=\"565\" height=\"377\" srcset=\"https:\/\/www.ff-kolkwitz.de\/wp-content\/uploads\/2015\/05\/Hochzeit06-1024x683.jpg 1024w, https:\/\/www.ff-kolkwitz.de\/wp-content\/uploads\/2015\/05\/Hochzeit06-300x200.jpg 300w, https:\/\/www.ff-kolkwitz.de\/wp-content\/uploads\/2015\/05\/Hochzeit06-150x100.jpg 150w\" sizes=\"auto, (max-width: 565px) 100vw, 565px\" \/><\/a><\/p>\n<p>Irgendwie schien sich die Braut mehr auf die Fahrt mit der Drehleiter zu freuen als der Br\u00e4utigam \ud83d\ude42<\/p>\n<p><a href=\"https:\/\/www.ff-kolkwitz.de\/wp-content\/uploads\/2015\/05\/Hochzeit07.jpg\" rel=\"lightbox[512]\"><img loading=\"lazy\" decoding=\"async\" class=\"aligncenter size-large wp-image-519\" src=\"https:\/\/www.ff-kolkwitz.de\/wp-content\/uploads\/2015\/05\/Hochzeit07-683x1024.jpg\" alt=\"Hochzeit07\" width=\"565\" height=\"847\" srcset=\"https:\/\/www.ff-kolkwitz.de\/wp-content\/uploads\/2015\/05\/Hochzeit07-683x1024.jpg 683w, https:\/\/www.ff-kolkwitz.de\/wp-content\/uploads\/2015\/05\/Hochzeit07-200x300.jpg 200w, https:\/\/www.ff-kolkwitz.de\/wp-content\/uploads\/2015\/05\/Hochzeit07.jpg 1872w\" sizes=\"auto, (max-width: 565px) 100vw, 565px\" \/><\/a><\/p>\n<p>Aber einmal oben wirkt das fast schon staatsm\u00e4nnisch. Kate und William k\u00f6nnen einpacken dagegen!<\/p>\n<p><a href=\"https:\/\/www.ff-kolkwitz.de\/wp-content\/uploads\/2015\/05\/Hochzeit08.jpg\" rel=\"lightbox[512]\"><img loading=\"lazy\" decoding=\"async\" class=\"aligncenter size-large wp-image-520\" src=\"https:\/\/www.ff-kolkwitz.de\/wp-content\/uploads\/2015\/05\/Hochzeit08-1024x683.jpg\" alt=\"Hochzeit08\" width=\"565\" height=\"377\" srcset=\"https:\/\/www.ff-kolkwitz.de\/wp-content\/uploads\/2015\/05\/Hochzeit08-1024x683.jpg 1024w, https:\/\/www.ff-kolkwitz.de\/wp-content\/uploads\/2015\/05\/Hochzeit08-300x200.jpg 300w, https:\/\/www.ff-kolkwitz.de\/wp-content\/uploads\/2015\/05\/Hochzeit08-150x100.jpg 150w\" sizes=\"auto, (max-width: 565px) 100vw, 565px\" \/><\/a><\/p>\n<p>Zur Feier ging es dann &#8211; ganz stilecht &#8211; mit dem historischen L\u00f6schfahrzeug, das uns die AG Feuerwehrhistorik H\u00e4nchen zur Verf\u00fcgung gestellt hat.<\/p>\n<p><a href=\"https:\/\/www.ff-kolkwitz.de\/wp-content\/uploads\/2015\/05\/Hochzeit01.jpg\" rel=\"lightbox[512]\"><img loading=\"lazy\" decoding=\"async\" class=\"aligncenter size-large wp-image-513\" src=\"https:\/\/www.ff-kolkwitz.de\/wp-content\/uploads\/2015\/05\/Hochzeit01-1024x683.jpg\" alt=\"Hochzeit01\" width=\"565\" height=\"377\" srcset=\"https:\/\/www.ff-kolkwitz.de\/wp-content\/uploads\/2015\/05\/Hochzeit01-1024x683.jpg 1024w, https:\/\/www.ff-kolkwitz.de\/wp-content\/uploads\/2015\/05\/Hochzeit01-300x200.jpg 300w, https:\/\/www.ff-kolkwitz.de\/wp-content\/uploads\/2015\/05\/Hochzeit01-150x100.jpg 150w\" sizes=\"auto, (max-width: 565px) 100vw, 565px\" \/><\/a><\/p>\n<p>Wir w\u00fcnschen dem Ehepaar noch einmal alles Gute!<\/p>\n<p><a href=\"https:\/\/www.ff-kolkwitz.de\/wp-content\/uploads\/2015\/05\/Hochzeit02.jpg\" rel=\"lightbox[512]\"><img loading=\"lazy\" decoding=\"async\" class=\"aligncenter size-large wp-image-514\" src=\"https:\/\/www.ff-kolkwitz.de\/wp-content\/uploads\/2015\/05\/Hochzeit02-1024x683.jpg\" alt=\"Hochzeit02\" width=\"565\" height=\"377\" srcset=\"https:\/\/www.ff-kolkwitz.de\/wp-content\/uploads\/2015\/05\/Hochzeit02-1024x683.jpg 1024w, https:\/\/www.ff-kolkwitz.de\/wp-content\/uploads\/2015\/05\/Hochzeit02-300x200.jpg 300w, https:\/\/www.ff-kolkwitz.de\/wp-content\/uploads\/2015\/05\/Hochzeit02-150x100.jpg 150w\" sizes=\"auto, (max-width: 565px) 100vw, 565px\" \/><\/a><\/p>\n","protected":false},"excerpt":{"rendered":"<p>&#8230;.der heiratet auch die Feuerwehr mit \ud83d\ude42 Frei nach diesem Motto haben wir bei der [&hellip;]<\/p>\n","protected":false},"author":1,"featured_media":0,"comment_status":"open","ping_status":"open","sticky":false,"template":"","format":"standard","meta":{"footnotes":""},"categories":[16,17],"tags":[100,97],"class_list":["post-512","post","type-post","status-publish","format-standard","hentry","category-internes","category-kokwitz","tag-drehleiter","tag-hochzeit"],"_links":{"self":[{"href":"https:\/\/www.ff-kolkwitz.de\/index.php?rest_route=\/wp\/v2\/posts\/512","targetHints":{"allow":["GET"]}}],"collection":[{"href":"https:\/\/www.ff-kolkwitz.de\/index.php?rest_route=\/wp\/v2\/posts"}],"about":[{"href":"https:\/\/www.ff-kolkwitz.de\/index.php?rest_route=\/wp\/v2\/types\/post"}],"author":[{"embeddable":true,"href":"https:\/\/www.ff-kolkwitz.de\/index.php?rest_route=\/wp\/v2\/users\/1"}],"replies":[{"embeddable":true,"href":"https:\/\/www.ff-kolkwitz.de\/index.php?rest_route=%2Fwp%2Fv2%2Fcomments&post=512"}],"version-history":[{"count":1,"href":"https:\/\/www.ff-kolkwitz.de\/index.php?rest_route=\/wp\/v2\/posts\/512\/revisions"}],"predecessor-version":[{"id":522,"href":"https:\/\/www.ff-kolkwitz.de\/index.php?rest_route=\/wp\/v2\/posts\/512\/revisions\/522"}],"wp:attachment":[{"href":"https:\/\/www.ff-kolkwitz.de\/index.php?rest_route=%2Fwp%2Fv2%2Fmedia&parent=512"}],"wp:term":[{"taxonomy":"category","embeddable":true,"href":"https:\/\/www.ff-kolkwitz.de\/index.php?rest_route=%2Fwp%2Fv2%2Fcategories&post=512"},{"taxonomy":"post_tag","embeddable":true,"href":"https:\/\/www.ff-kolkwitz.de\/index.php?rest_route=%2Fwp%2Fv2%2Ftags&post=512"}],"curies":[{"name":"wp","href":"https:\/\/api.w.org\/{rel}","templated":true}]}}