{"id":542,"date":"2015-06-05T14:28:19","date_gmt":"2015-06-05T12:28:19","guid":{"rendered":"http:\/\/www.ff-kolkwitz.de\/?p=542"},"modified":"2015-06-05T14:28:19","modified_gmt":"2015-06-05T12:28:19","slug":"es-nimmt-gestalt-an","status":"publish","type":"post","link":"https:\/\/www.ff-kolkwitz.de\/?p=542","title":{"rendered":"Es nimmt Gestalt an"},"content":{"rendered":"<figure id=\"attachment_551\" aria-describedby=\"caption-attachment-551\" style=\"width: 565px\" class=\"wp-caption aligncenter\"><a href=\"https:\/\/www.ff-kolkwitz.de\/wp-content\/uploads\/2015\/06\/Zeltaufbau09.jpg\" rel=\"lightbox[542]\"><img loading=\"lazy\" decoding=\"async\" class=\"wp-image-551 size-large\" src=\"https:\/\/www.ff-kolkwitz.de\/wp-content\/uploads\/2015\/06\/Zeltaufbau09-1024x683.jpg\" alt=\"Zeltaufbau09\" width=\"565\" height=\"377\" srcset=\"https:\/\/www.ff-kolkwitz.de\/wp-content\/uploads\/2015\/06\/Zeltaufbau09-1024x683.jpg 1024w, https:\/\/www.ff-kolkwitz.de\/wp-content\/uploads\/2015\/06\/Zeltaufbau09-300x200.jpg 300w, https:\/\/www.ff-kolkwitz.de\/wp-content\/uploads\/2015\/06\/Zeltaufbau09-150x100.jpg 150w\" sizes=\"auto, (max-width: 565px) 100vw, 565px\" \/><\/a><figcaption id=\"caption-attachment-551\" class=\"wp-caption-text\">Fast schon alles klar zum Feiern<\/figcaption><\/figure>\n<p>Heute hat sich der Platz um das Ger\u00e4tehaus ein wenig verwandelt.<\/p>\n<figure id=\"attachment_543\" aria-describedby=\"caption-attachment-543\" style=\"width: 565px\" class=\"wp-caption aligncenter\"><a href=\"https:\/\/www.ff-kolkwitz.de\/wp-content\/uploads\/2015\/06\/Zeltaufbau01.jpg\" rel=\"lightbox[542]\"><img loading=\"lazy\" decoding=\"async\" class=\"wp-image-543 size-large\" src=\"https:\/\/www.ff-kolkwitz.de\/wp-content\/uploads\/2015\/06\/Zeltaufbau01-1024x683.jpg\" alt=\"Zeltaufbau01\" width=\"565\" height=\"377\" srcset=\"https:\/\/www.ff-kolkwitz.de\/wp-content\/uploads\/2015\/06\/Zeltaufbau01-1024x683.jpg 1024w, https:\/\/www.ff-kolkwitz.de\/wp-content\/uploads\/2015\/06\/Zeltaufbau01-300x200.jpg 300w, https:\/\/www.ff-kolkwitz.de\/wp-content\/uploads\/2015\/06\/Zeltaufbau01-150x100.jpg 150w\" sizes=\"auto, (max-width: 565px) 100vw, 565px\" \/><\/a><figcaption id=\"caption-attachment-543\" class=\"wp-caption-text\">Gute Bauherren wissen: Ein sicheres Fundament ist das Wichtigste.<\/figcaption><\/figure>\n<p>&nbsp;<\/p>\n<figure id=\"attachment_544\" aria-describedby=\"caption-attachment-544\" style=\"width: 565px\" class=\"wp-caption aligncenter\"><a href=\"https:\/\/www.ff-kolkwitz.de\/wp-content\/uploads\/2015\/06\/Zeltaufbau02.jpg\" rel=\"lightbox[542]\"><img loading=\"lazy\" decoding=\"async\" class=\"wp-image-544 size-large\" src=\"https:\/\/www.ff-kolkwitz.de\/wp-content\/uploads\/2015\/06\/Zeltaufbau02-1024x683.jpg\" alt=\"Zeltaufbau02\" width=\"565\" height=\"377\" srcset=\"https:\/\/www.ff-kolkwitz.de\/wp-content\/uploads\/2015\/06\/Zeltaufbau02-1024x683.jpg 1024w, https:\/\/www.ff-kolkwitz.de\/wp-content\/uploads\/2015\/06\/Zeltaufbau02-300x200.jpg 300w, https:\/\/www.ff-kolkwitz.de\/wp-content\/uploads\/2015\/06\/Zeltaufbau02-150x100.jpg 150w\" sizes=\"auto, (max-width: 565px) 100vw, 565px\" \/><\/a><figcaption id=\"caption-attachment-544\" class=\"wp-caption-text\">Damit beim Tanzen niemand ins Straucheln kommt, muss das Zelt nat\u00fcrlich grade stehen. Deshalb wird mit Augenma\u00df unterbaut<\/figcaption><\/figure>\n<p>&nbsp;<\/p>\n<figure id=\"attachment_545\" aria-describedby=\"caption-attachment-545\" style=\"width: 565px\" class=\"wp-caption aligncenter\"><a href=\"https:\/\/www.ff-kolkwitz.de\/wp-content\/uploads\/2015\/06\/Zeltaufbau03.jpg\" rel=\"lightbox[542]\"><img loading=\"lazy\" decoding=\"async\" class=\"wp-image-545 size-large\" src=\"https:\/\/www.ff-kolkwitz.de\/wp-content\/uploads\/2015\/06\/Zeltaufbau03-1024x683.jpg\" alt=\"Zeltaufbau03\" width=\"565\" height=\"377\" srcset=\"https:\/\/www.ff-kolkwitz.de\/wp-content\/uploads\/2015\/06\/Zeltaufbau03-1024x683.jpg 1024w, https:\/\/www.ff-kolkwitz.de\/wp-content\/uploads\/2015\/06\/Zeltaufbau03-300x200.jpg 300w, https:\/\/www.ff-kolkwitz.de\/wp-content\/uploads\/2015\/06\/Zeltaufbau03-150x100.jpg 150w\" sizes=\"auto, (max-width: 565px) 100vw, 565px\" \/><\/a><figcaption id=\"caption-attachment-545\" class=\"wp-caption-text\">Selbst wenn ein Graben im Weg steht<\/figcaption><\/figure>\n<p>&nbsp;<\/p>\n<figure id=\"attachment_546\" aria-describedby=\"caption-attachment-546\" style=\"width: 565px\" class=\"wp-caption aligncenter\"><a href=\"https:\/\/www.ff-kolkwitz.de\/wp-content\/uploads\/2015\/06\/Zeltaufbau04.jpg\" rel=\"lightbox[542]\"><img loading=\"lazy\" decoding=\"async\" class=\"wp-image-546 size-large\" src=\"https:\/\/www.ff-kolkwitz.de\/wp-content\/uploads\/2015\/06\/Zeltaufbau04-e1433507054649-683x1024.jpg\" alt=\"Zeltaufbau04\" width=\"565\" height=\"847\" srcset=\"https:\/\/www.ff-kolkwitz.de\/wp-content\/uploads\/2015\/06\/Zeltaufbau04-e1433507054649-683x1024.jpg 683w, https:\/\/www.ff-kolkwitz.de\/wp-content\/uploads\/2015\/06\/Zeltaufbau04-e1433507054649-200x300.jpg 200w, https:\/\/www.ff-kolkwitz.de\/wp-content\/uploads\/2015\/06\/Zeltaufbau04-e1433507054649.jpg 1659w\" sizes=\"auto, (max-width: 565px) 100vw, 565px\" \/><\/a><figcaption id=\"caption-attachment-546\" class=\"wp-caption-text\">So, letzte Bodenplatte:<\/figcaption><\/figure>\n<p>&nbsp;<\/p>\n<figure id=\"attachment_547\" aria-describedby=\"caption-attachment-547\" style=\"width: 565px\" class=\"wp-caption aligncenter\"><a href=\"https:\/\/www.ff-kolkwitz.de\/wp-content\/uploads\/2015\/06\/Zeltaufbau05.jpg\" rel=\"lightbox[542]\"><img loading=\"lazy\" decoding=\"async\" class=\"wp-image-547 size-large\" src=\"https:\/\/www.ff-kolkwitz.de\/wp-content\/uploads\/2015\/06\/Zeltaufbau05-1024x683.jpg\" alt=\"Zeltaufbau05\" width=\"565\" height=\"377\" srcset=\"https:\/\/www.ff-kolkwitz.de\/wp-content\/uploads\/2015\/06\/Zeltaufbau05-1024x683.jpg 1024w, https:\/\/www.ff-kolkwitz.de\/wp-content\/uploads\/2015\/06\/Zeltaufbau05-300x200.jpg 300w, https:\/\/www.ff-kolkwitz.de\/wp-content\/uploads\/2015\/06\/Zeltaufbau05-150x100.jpg 150w\" sizes=\"auto, (max-width: 565px) 100vw, 565px\" \/><\/a><figcaption id=\"caption-attachment-547\" class=\"wp-caption-text\">Jetzt kann der Hochbau beginnen<\/figcaption><\/figure>\n<p>&nbsp;<\/p>\n<figure id=\"attachment_548\" aria-describedby=\"caption-attachment-548\" style=\"width: 565px\" class=\"wp-caption aligncenter\"><a href=\"https:\/\/www.ff-kolkwitz.de\/wp-content\/uploads\/2015\/06\/Zeltaufbau06.jpg\" rel=\"lightbox[542]\"><img loading=\"lazy\" decoding=\"async\" class=\"wp-image-548 size-large\" src=\"https:\/\/www.ff-kolkwitz.de\/wp-content\/uploads\/2015\/06\/Zeltaufbau06-1024x683.jpg\" alt=\"Zeltaufbau06\" width=\"565\" height=\"377\" srcset=\"https:\/\/www.ff-kolkwitz.de\/wp-content\/uploads\/2015\/06\/Zeltaufbau06-1024x683.jpg 1024w, https:\/\/www.ff-kolkwitz.de\/wp-content\/uploads\/2015\/06\/Zeltaufbau06-300x200.jpg 300w, https:\/\/www.ff-kolkwitz.de\/wp-content\/uploads\/2015\/06\/Zeltaufbau06-150x100.jpg 150w\" sizes=\"auto, (max-width: 565px) 100vw, 565px\" \/><\/a><figcaption id=\"caption-attachment-548\" class=\"wp-caption-text\">Sieht doch schon ganz gut aus, wenn auch etwas plan(en)los<\/figcaption><\/figure>\n<p>&nbsp;<\/p>\n<figure id=\"attachment_550\" aria-describedby=\"caption-attachment-550\" style=\"width: 565px\" class=\"wp-caption aligncenter\"><a href=\"https:\/\/www.ff-kolkwitz.de\/wp-content\/uploads\/2015\/06\/Zeltaufbau08.jpg\" rel=\"lightbox[542]\"><img loading=\"lazy\" decoding=\"async\" class=\"wp-image-550 size-large\" src=\"https:\/\/www.ff-kolkwitz.de\/wp-content\/uploads\/2015\/06\/Zeltaufbau08-1024x683.jpg\" alt=\"Zeltaufbau08\" width=\"565\" height=\"377\" srcset=\"https:\/\/www.ff-kolkwitz.de\/wp-content\/uploads\/2015\/06\/Zeltaufbau08-1024x683.jpg 1024w, https:\/\/www.ff-kolkwitz.de\/wp-content\/uploads\/2015\/06\/Zeltaufbau08-300x200.jpg 300w, https:\/\/www.ff-kolkwitz.de\/wp-content\/uploads\/2015\/06\/Zeltaufbau08-150x100.jpg 150w\" sizes=\"auto, (max-width: 565px) 100vw, 565px\" \/><\/a><figcaption id=\"caption-attachment-550\" class=\"wp-caption-text\">Schlie\u00dflich wollen wir ja kein openair-Konzert. Die Band hat schonmal ein Dach \u00fcberm Kopf, fehlt nur noch die B\u00fchne:<\/figcaption><\/figure>\n<p>&nbsp;<\/p>\n<figure id=\"attachment_552\" aria-describedby=\"caption-attachment-552\" style=\"width: 565px\" class=\"wp-caption aligncenter\"><a href=\"https:\/\/www.ff-kolkwitz.de\/wp-content\/uploads\/2015\/06\/Zeltaufbau10.jpg\" rel=\"lightbox[542]\"><img loading=\"lazy\" decoding=\"async\" class=\"wp-image-552 size-large\" src=\"https:\/\/www.ff-kolkwitz.de\/wp-content\/uploads\/2015\/06\/Zeltaufbau10-1024x683.jpg\" alt=\"Zeltaufbau10\" width=\"565\" height=\"377\" srcset=\"https:\/\/www.ff-kolkwitz.de\/wp-content\/uploads\/2015\/06\/Zeltaufbau10-1024x683.jpg 1024w, https:\/\/www.ff-kolkwitz.de\/wp-content\/uploads\/2015\/06\/Zeltaufbau10-300x200.jpg 300w, https:\/\/www.ff-kolkwitz.de\/wp-content\/uploads\/2015\/06\/Zeltaufbau10-150x100.jpg 150w\" sizes=\"auto, (max-width: 565px) 100vw, 565px\" \/><\/a><figcaption id=\"caption-attachment-552\" class=\"wp-caption-text\">Und draussen wird schonmal die Verpflegung aufgebaut<\/figcaption><\/figure>\n<p>Jetzt noch B\u00e4nke, Tische und Deko und dann kanns los gehen.<\/p>\n","protected":false},"excerpt":{"rendered":"<p>Heute hat sich der Platz um das Ger\u00e4tehaus ein wenig verwandelt. &nbsp; &nbsp; &nbsp; &nbsp; [&hellip;]<\/p>\n","protected":false},"author":1,"featured_media":0,"comment_status":"open","ping_status":"open","sticky":false,"template":"","format":"standard","meta":{"footnotes":""},"categories":[1,16,17],"tags":[103,92],"class_list":["post-542","post","type-post","status-publish","format-standard","hentry","category-allgemein","category-internes","category-kokwitz","tag-aufbau","tag-jubilaeum"],"_links":{"self":[{"href":"https:\/\/www.ff-kolkwitz.de\/index.php?rest_route=\/wp\/v2\/posts\/542","targetHints":{"allow":["GET"]}}],"collection":[{"href":"https:\/\/www.ff-kolkwitz.de\/index.php?rest_route=\/wp\/v2\/posts"}],"about":[{"href":"https:\/\/www.ff-kolkwitz.de\/index.php?rest_route=\/wp\/v2\/types\/post"}],"author":[{"embeddable":true,"href":"https:\/\/www.ff-kolkwitz.de\/index.php?rest_route=\/wp\/v2\/users\/1"}],"replies":[{"embeddable":true,"href":"https:\/\/www.ff-kolkwitz.de\/index.php?rest_route=%2Fwp%2Fv2%2Fcomments&post=542"}],"version-history":[{"count":1,"href":"https:\/\/www.ff-kolkwitz.de\/index.php?rest_route=\/wp\/v2\/posts\/542\/revisions"}],"predecessor-version":[{"id":553,"href":"https:\/\/www.ff-kolkwitz.de\/index.php?rest_route=\/wp\/v2\/posts\/542\/revisions\/553"}],"wp:attachment":[{"href":"https:\/\/www.ff-kolkwitz.de\/index.php?rest_route=%2Fwp%2Fv2%2Fmedia&parent=542"}],"wp:term":[{"taxonomy":"category","embeddable":true,"href":"https:\/\/www.ff-kolkwitz.de\/index.php?rest_route=%2Fwp%2Fv2%2Fcategories&post=542"},{"taxonomy":"post_tag","embeddable":true,"href":"https:\/\/www.ff-kolkwitz.de\/index.php?rest_route=%2Fwp%2Fv2%2Ftags&post=542"}],"curies":[{"name":"wp","href":"https:\/\/api.w.org\/{rel}","templated":true}]}}