{"id":845,"date":"2015-10-17T12:51:10","date_gmt":"2015-10-17T10:51:10","guid":{"rendered":"http:\/\/www.ff-kolkwitz.de\/?p=845"},"modified":"2015-10-17T12:51:34","modified_gmt":"2015-10-17T10:51:34","slug":"ausbildungslager","status":"publish","type":"post","link":"https:\/\/www.ff-kolkwitz.de\/?p=845","title":{"rendered":"Ausbildungslager"},"content":{"rendered":"<figure id=\"attachment_847\" aria-describedby=\"caption-attachment-847\" style=\"width: 565px\" class=\"wp-caption aligncenter\"><a href=\"https:\/\/www.ff-kolkwitz.de\/wp-content\/uploads\/2015\/10\/Appell.jpg\" rel=\"lightbox[845]\"><img loading=\"lazy\" decoding=\"async\" class=\"wp-image-847 size-large\" src=\"https:\/\/www.ff-kolkwitz.de\/wp-content\/uploads\/2015\/10\/Appell-1024x683.jpg\" alt=\"Appell\" width=\"565\" height=\"377\" srcset=\"https:\/\/www.ff-kolkwitz.de\/wp-content\/uploads\/2015\/10\/Appell-1024x683.jpg 1024w, https:\/\/www.ff-kolkwitz.de\/wp-content\/uploads\/2015\/10\/Appell-300x200.jpg 300w, https:\/\/www.ff-kolkwitz.de\/wp-content\/uploads\/2015\/10\/Appell-150x100.jpg 150w\" sizes=\"auto, (max-width: 565px) 100vw, 565px\" \/><\/a><figcaption id=\"caption-attachment-847\" class=\"wp-caption-text\">Antreten zum Apell &#8211; das Jugendlager beginnt f\u00f6rmlich<\/figcaption><\/figure>\n<p>Das Ger\u00e4tehaus der Kolkwitzer Feuerwehr ist am diesem Wochenende komplett in den H\u00e4nden der Nachwuchsfeuerwehrleute. Die 13 Mitglieder der Kolkwitzer Jugendfeuerwehr schlagen dort im wahrsten Sinne des Wortes ihr Lager auf, um gemeinsam Eins\u00e4tze zu \u00fcben, viel zu lernen und nat\u00fcrlich auch eine Menge Spa\u00df miteinander zu haben. Unter anderem fahren sie die \u201eProfis\u201c der Berufsfeuerwehr in Cottbus besuchen und k\u00f6nnen im Anschluss in einer realit\u00e4tsnahen \u00dcbung aber demonstrieren, dass in ihnen echte Nachwuchsfeuerwehrfrauen und -M\u00e4nner stecken. Das genaue Einsatzszenario ist noch geheim, doch die Kameraden der aktiven Wehr haben sich auch in diesem Jahr etwas spannendes einfallen lassen. Der besondere Reiz: Die \u201eGro\u00dfen\u201c \u00fcberlassen f\u00fcr die Dauer des Lagers das komplette Ger\u00e4tehaus, samt Einsatzfahrzeugen Spezialtechnik dem Nachwuchs.<br \/>\nDie Einsatzbereitschaft ist im Ernstfall nat\u00fcrlich weiterhin gesichert.<\/p>\n<div id='gallery-1' class='gallery galleryid-845 gallery-columns-2 gallery-size-thumbnail'><figure class='gallery-item'>\n\t\t\t<div class='gallery-icon landscape'>\n\t\t\t\t<a href='https:\/\/www.ff-kolkwitz.de\/wp-content\/uploads\/2015\/10\/Appell02.jpg' rel=\"lightbox[845]\"><img loading=\"lazy\" decoding=\"async\" width=\"141\" height=\"141\" src=\"https:\/\/www.ff-kolkwitz.de\/wp-content\/uploads\/2015\/10\/Appell02-150x150.jpg\" class=\"attachment-thumbnail size-thumbnail\" alt=\"\" \/><\/a>\n\t\t\t<\/div><\/figure><figure class='gallery-item'>\n\t\t\t<div class='gallery-icon landscape'>\n\t\t\t\t<a href='https:\/\/www.ff-kolkwitz.de\/wp-content\/uploads\/2015\/10\/Appell.jpg' rel=\"lightbox[845]\"><img loading=\"lazy\" decoding=\"async\" width=\"141\" height=\"141\" src=\"https:\/\/www.ff-kolkwitz.de\/wp-content\/uploads\/2015\/10\/Appell-150x150.jpg\" class=\"attachment-thumbnail size-thumbnail\" alt=\"\" \/><\/a>\n\t\t\t<\/div><\/figure>\n\t\t<\/div>\n\n","protected":false},"excerpt":{"rendered":"<p>Das Ger\u00e4tehaus der Kolkwitzer Feuerwehr ist am diesem Wochenende komplett in den H\u00e4nden der Nachwuchsfeuerwehrleute. [&hellip;]<\/p>\n","protected":false},"author":1,"featured_media":0,"comment_status":"open","ping_status":"open","sticky":false,"template":"","format":"standard","meta":{"footnotes":""},"categories":[1,18],"tags":[125,137,121],"class_list":["post-845","post","type-post","status-publish","format-standard","hentry","category-allgemein","category-jugendfeuerwehr","tag-ausbildung","tag-jugend","tag-uebung"],"_links":{"self":[{"href":"https:\/\/www.ff-kolkwitz.de\/index.php?rest_route=\/wp\/v2\/posts\/845","targetHints":{"allow":["GET"]}}],"collection":[{"href":"https:\/\/www.ff-kolkwitz.de\/index.php?rest_route=\/wp\/v2\/posts"}],"about":[{"href":"https:\/\/www.ff-kolkwitz.de\/index.php?rest_route=\/wp\/v2\/types\/post"}],"author":[{"embeddable":true,"href":"https:\/\/www.ff-kolkwitz.de\/index.php?rest_route=\/wp\/v2\/users\/1"}],"replies":[{"embeddable":true,"href":"https:\/\/www.ff-kolkwitz.de\/index.php?rest_route=%2Fwp%2Fv2%2Fcomments&post=845"}],"version-history":[{"count":1,"href":"https:\/\/www.ff-kolkwitz.de\/index.php?rest_route=\/wp\/v2\/posts\/845\/revisions"}],"predecessor-version":[{"id":848,"href":"https:\/\/www.ff-kolkwitz.de\/index.php?rest_route=\/wp\/v2\/posts\/845\/revisions\/848"}],"wp:attachment":[{"href":"https:\/\/www.ff-kolkwitz.de\/index.php?rest_route=%2Fwp%2Fv2%2Fmedia&parent=845"}],"wp:term":[{"taxonomy":"category","embeddable":true,"href":"https:\/\/www.ff-kolkwitz.de\/index.php?rest_route=%2Fwp%2Fv2%2Fcategories&post=845"},{"taxonomy":"post_tag","embeddable":true,"href":"https:\/\/www.ff-kolkwitz.de\/index.php?rest_route=%2Fwp%2Fv2%2Ftags&post=845"}],"curies":[{"name":"wp","href":"https:\/\/api.w.org\/{rel}","templated":true}]}}