{"id":852,"date":"2015-10-19T20:05:58","date_gmt":"2015-10-19T18:05:58","guid":{"rendered":"http:\/\/www.ff-kolkwitz.de\/?p=852"},"modified":"2015-10-19T20:05:58","modified_gmt":"2015-10-19T18:05:58","slug":"jugendausbildungslager","status":"publish","type":"post","link":"https:\/\/www.ff-kolkwitz.de\/?p=852","title":{"rendered":"Jugendausbildungslager"},"content":{"rendered":"<p><a href=\"https:\/\/www.ff-kolkwitz.de\/wp-content\/uploads\/2015\/10\/JugendLager03.jpg\" rel=\"lightbox[852]\"><img loading=\"lazy\" decoding=\"async\" class=\"aligncenter size-large wp-image-855\" src=\"https:\/\/www.ff-kolkwitz.de\/wp-content\/uploads\/2015\/10\/JugendLager03-1024x683.jpg\" alt=\"JugendLager03\" width=\"565\" height=\"377\" srcset=\"https:\/\/www.ff-kolkwitz.de\/wp-content\/uploads\/2015\/10\/JugendLager03-1024x683.jpg 1024w, https:\/\/www.ff-kolkwitz.de\/wp-content\/uploads\/2015\/10\/JugendLager03-300x200.jpg 300w, https:\/\/www.ff-kolkwitz.de\/wp-content\/uploads\/2015\/10\/JugendLager03-150x100.jpg 150w\" sizes=\"auto, (max-width: 565px) 100vw, 565px\" \/><\/a><\/p>\n<p>12 M\u00e4dchen und Jungs der Kolkwitzer Jugendfeuerwehr haben ein aufregendes Wochenende hinter sich. Sie schlugen 3 Tage lang ihr Lager im Ger\u00e4tehaus auf. Neben Orientierungslauf, Lagerfeuer und ein bi\u00dfchen Theorie stand vor allen Dingen die praktische \u00dcbung auf dem Programm, teilweise auch sehr \u00fcberraschend. So ging am fr\u00fchen Sonnabend Nachmittag die Sirene. Die Alarmierung galt allerdings nicht den Erwachsenen, sondern der Jugendfeuerwehr. Sie wurden zu einem simulierten Verkehrsunfall mit \u00d6lspur gerufen.<br \/>\nNach dem &#8220;Einsatz&#8221; gab es nur eine kurze Verschnaufpause. Denn der n\u00e4chste Notruf ging ein: Auf einem Werksgel\u00e4nde war eine Person unter einem Stahltr\u00e4ger eingeklemmt. Die Jungen und M\u00e4dchen lernten bei dieser Gelegenheit den richtigen Umgang mit Schere, Spreizer und Luftkissen.<\/p>\n<div id='gallery-1' class='gallery galleryid-852 gallery-columns-3 gallery-size-thumbnail'><figure class='gallery-item'>\n\t\t\t<div class='gallery-icon landscape'>\n\t\t\t\t<a href='https:\/\/www.ff-kolkwitz.de\/?attachment_id=853#main'><img loading=\"lazy\" decoding=\"async\" width=\"141\" height=\"141\" src=\"https:\/\/www.ff-kolkwitz.de\/wp-content\/uploads\/2015\/10\/JugendLager01-150x150.jpg\" class=\"attachment-thumbnail size-thumbnail\" alt=\"\" \/><\/a>\n\t\t\t<\/div><\/figure><figure class='gallery-item'>\n\t\t\t<div class='gallery-icon landscape'>\n\t\t\t\t<a href='https:\/\/www.ff-kolkwitz.de\/?attachment_id=854#main'><img loading=\"lazy\" decoding=\"async\" width=\"141\" height=\"141\" src=\"https:\/\/www.ff-kolkwitz.de\/wp-content\/uploads\/2015\/10\/JugendLager02-150x150.jpg\" class=\"attachment-thumbnail size-thumbnail\" alt=\"\" \/><\/a>\n\t\t\t<\/div><\/figure><figure class='gallery-item'>\n\t\t\t<div class='gallery-icon landscape'>\n\t\t\t\t<a href='https:\/\/www.ff-kolkwitz.de\/?attachment_id=855#main'><img loading=\"lazy\" decoding=\"async\" width=\"141\" height=\"141\" src=\"https:\/\/www.ff-kolkwitz.de\/wp-content\/uploads\/2015\/10\/JugendLager03-150x150.jpg\" class=\"attachment-thumbnail size-thumbnail\" alt=\"\" \/><\/a>\n\t\t\t<\/div><\/figure><figure class='gallery-item'>\n\t\t\t<div class='gallery-icon landscape'>\n\t\t\t\t<a href='https:\/\/www.ff-kolkwitz.de\/?attachment_id=856#main'><img loading=\"lazy\" decoding=\"async\" width=\"141\" height=\"141\" src=\"https:\/\/www.ff-kolkwitz.de\/wp-content\/uploads\/2015\/10\/JugendLager04-150x150.jpg\" class=\"attachment-thumbnail size-thumbnail\" alt=\"\" \/><\/a>\n\t\t\t<\/div><\/figure><figure class='gallery-item'>\n\t\t\t<div class='gallery-icon portrait'>\n\t\t\t\t<a href='https:\/\/www.ff-kolkwitz.de\/?attachment_id=857#main'><img loading=\"lazy\" decoding=\"async\" width=\"141\" height=\"141\" src=\"https:\/\/www.ff-kolkwitz.de\/wp-content\/uploads\/2015\/10\/JugendLager05-150x150.jpg\" class=\"attachment-thumbnail size-thumbnail\" alt=\"\" \/><\/a>\n\t\t\t<\/div><\/figure>\n\t\t<\/div>\n\n","protected":false},"excerpt":{"rendered":"<p>12 M\u00e4dchen und Jungs der Kolkwitzer Jugendfeuerwehr haben ein aufregendes Wochenende hinter sich. Sie schlugen [&hellip;]<\/p>\n","protected":false},"author":1,"featured_media":0,"comment_status":"open","ping_status":"open","sticky":false,"template":"","format":"standard","meta":{"footnotes":""},"categories":[18],"tags":[125,137,139,140],"class_list":["post-852","post","type-post","status-publish","format-standard","hentry","category-jugendfeuerwehr","tag-ausbildung","tag-jugend","tag-lager","tag-technische-hilfe"],"_links":{"self":[{"href":"https:\/\/www.ff-kolkwitz.de\/index.php?rest_route=\/wp\/v2\/posts\/852","targetHints":{"allow":["GET"]}}],"collection":[{"href":"https:\/\/www.ff-kolkwitz.de\/index.php?rest_route=\/wp\/v2\/posts"}],"about":[{"href":"https:\/\/www.ff-kolkwitz.de\/index.php?rest_route=\/wp\/v2\/types\/post"}],"author":[{"embeddable":true,"href":"https:\/\/www.ff-kolkwitz.de\/index.php?rest_route=\/wp\/v2\/users\/1"}],"replies":[{"embeddable":true,"href":"https:\/\/www.ff-kolkwitz.de\/index.php?rest_route=%2Fwp%2Fv2%2Fcomments&post=852"}],"version-history":[{"count":1,"href":"https:\/\/www.ff-kolkwitz.de\/index.php?rest_route=\/wp\/v2\/posts\/852\/revisions"}],"predecessor-version":[{"id":858,"href":"https:\/\/www.ff-kolkwitz.de\/index.php?rest_route=\/wp\/v2\/posts\/852\/revisions\/858"}],"wp:attachment":[{"href":"https:\/\/www.ff-kolkwitz.de\/index.php?rest_route=%2Fwp%2Fv2%2Fmedia&parent=852"}],"wp:term":[{"taxonomy":"category","embeddable":true,"href":"https:\/\/www.ff-kolkwitz.de\/index.php?rest_route=%2Fwp%2Fv2%2Fcategories&post=852"},{"taxonomy":"post_tag","embeddable":true,"href":"https:\/\/www.ff-kolkwitz.de\/index.php?rest_route=%2Fwp%2Fv2%2Ftags&post=852"}],"curies":[{"name":"wp","href":"https:\/\/api.w.org\/{rel}","templated":true}]}}