{"id":88,"date":"2015-01-20T20:47:47","date_gmt":"2015-01-20T20:47:47","guid":{"rendered":"http:\/\/www.ff-kolkwitz.de\/?p=88"},"modified":"2015-01-20T20:47:47","modified_gmt":"2015-01-20T20:47:47","slug":"gut-geruestet-fuers-neue-jahr","status":"publish","type":"post","link":"https:\/\/www.ff-kolkwitz.de\/?p=88","title":{"rendered":"Gut ger\u00fcstet f\u00fcrs neue Jahr"},"content":{"rendered":"<p>62 mal waren die Kameradinnen und Kameraden der Kolkwitzer Wehr vergangenes Jahr im Einsatz. Bei der Jahreshauptversammlung am 16.Januar konnte Ortswehrf\u00fchrer Ralf Pujo eine eindrucksvolle Bilanz ziehen: &#8220;Das ist schon eine reife Leistung. Rechnet man die durchschnittliche Einsatzzeit und das Personal mal zusammen, kommen wir auf 42.000 geleistete Einsatzstunden. Ehrenamtlich.&#8221; Ralf Pujo ist besonders stolz auf die hohe Tagesbereitschaft. Selbst wenn die Sirene mitten am Tag unter der Woche geht, stehen im Schnitt 8,2 Einsatzkr\u00e4fte im Ger\u00e4tehaus. Auch dank der Tatsache, dass inzwischen 8 Mitarbeiter im Bauhof und der Gemeindeverwaltung Mitglieder der Feuerwehr sind.<\/p>\n<p>Dabei ist der Name Feuerwehr inzwischen etwas irreleitend, stellte Gemeindebrandmeister J\u00fcrgen Rehnus mit Blick auf die Einsatzstatistik fest: In 2\/3 aller F\u00e4lle r\u00fcckte die Feuerwehr im vergangenen Jahr zur technischen Hilfeleistung aus, wie Verkehrsunf\u00e4lle oder T\u00fcrnot\u00f6ffnungen. Dieser ver\u00e4nderten Lage muss sich die Wehr stellen, so J\u00fcrgen Rehnus. In diesem Jahr soll deshalb ein Gasmessger\u00e4t und ein T\u00fcrnot\u00f6ffnungs-Set bereitgestellt werden.<\/p>\n<p>Doch die Technik n\u00fctzt nichts, wenn niemand damit umgehen kann. 40 Stunden im Jahr muss ein Feuerwehrangeh\u00f6riger pro Jahr f\u00fcr Fortbildungen einplanen, zitiert Ausbildungsleiter Matthias Kappa die Vorschriften. 2014 standen in Kolkwitz 8 Schulungen und 15 \u00dcbungen auf dem Programm. Dazu kamen noch diverse Lehrg\u00e4nge, Atemschutz\u00fcbungen und nat\u00fcrlich die Schulung am neuen Digitalfunk.<\/p>\n<p>Auch die Jugendfeuerwehr war nicht tr\u00e4ge im Jahr 2014. Sie traf sich zu regelm\u00e4\u00dfigen \u00dcbungen, sicherte Fackelz\u00fcge in der ganzen Gemeinde ab oder half bei Projekttagen in der Schule. Besonders in Erinnerung d\u00fcrfte den jungen Kameradinnen und Kameraden das Einsatz\u00fcbungslager im Oktober und das Pfingstlager. Jugendwart Christian Otte konnte zwei neue Mitglieder in der Jugendfeuerwehr begr\u00fc\u00dfen, musste sich aber von zwei anderen verabschieden: Florian Gro\u00dfmann und Michelle Quapil wechselten zum Jahreswechsel in die aktive Wehr. Die Jugendfeuerwehr besteht damit momentan aus 10 Jungen und einem M\u00e4dchen.<\/p>\n<p>Und die Feuerwehr konnte noch einen weiteren Neuzugang verbuchen: Marko Kunisch ist von der Feuerwehr Schipkau nach Kolkwitz gewechselt.<\/p>\n<p>Nat\u00fcrlich wird die Jahreshauptversammlung traditionell auch f\u00fcr Bef\u00f6rderungen genutzt:<\/p>\n<p><strong><span style=\"text-decoration: underline;\"><span style=\"color: #000000; text-decoration: underline;\">Zu Feuerwehrfrau\/Feuerwehrmann:<\/span> \u00a0<\/span><\/strong><br \/>\nRonja Meinhold, Florian Gro\u00dfmann, Michelle Quapil<br \/>\n<span style=\"text-decoration: underline;\"><strong>Zum Oberfeuerwehrmann: \u00a0<\/strong><\/span><br \/>\nWilliam Janh\u00f6fer<br \/>\n<span style=\"text-decoration: underline;\"><strong>Zum Hauptfeuerwehrmann: \u00a0<\/strong><\/span><br \/>\nChristian Bobowk, Ren\u00e9 Buchan, Sascha Erler, Norman Hoffman<br \/>\n<span style=\"text-decoration: underline;\"><strong>Zum Oberl\u00f6schmeister: \u00a0<\/strong><\/span><br \/>\nChristian Otte<\/p>\n<p>Au\u00dferdem wurden langj\u00e4hrige Kameraden ausgezeichnet.<\/p>\n<p><span style=\"text-decoration: underline;\"><strong>F\u00fcr 10 Jahre treue Dienste:<\/strong> <\/span><br \/>\nJan Clausnitzer und Falko Franz<\/p>\n<p><span style=\"text-decoration: underline;\"><strong>F\u00fcr 20 Jahre treue Dienste:<\/strong> <\/span><br \/>\nKerstin Neumann und Ronny Richter<\/p>\n<p>Personell ist die Feuerwehr also gut aufgestellt f\u00fcr das kommende Jahr. Ger\u00e4tewart Steffen Theiler merkte allerdings an, dass das Durchschnittsalter der Fahrzeuge inzwischen \u00fcber 20 Jahre liegt und die Instandhaltung immer aufwendiger wird. B\u00fcrgermeister Fritz Handrow musste die Hoffnungen auf eine baldige Ersatzbeschaffung allerdings zerschlagen. Daf\u00fcr versprach er, dass Umfeldgestaltung des Ger\u00e4tehauses bis zum Feuerwehrjubil\u00e4um umgesetzt wird.<br \/>\nWir m\u00f6chten in diesem Jahr n\u00e4mlich mit Ihnen feiern und zwar<\/p>\n<p style=\"text-align: center;\"><strong>105 Jahre Feuerwehr Kolkwitz und 20 Jahre Jugendfeuerwehr Kolkwitz <\/strong><br \/>\n<strong>am 6. Juni 2015 <\/strong><br \/>\n<strong>rund ums Ger\u00e4tehaus.<\/strong><\/p>\n<p>N\u00e4here Einzelheiten folgen, aber den Termin sollten Sie sich schon mal vormerken.<\/p>\n<p><strong>Die Feuerwehr Kolkwitz w\u00fcnscht Ihnen ein tolles 2015 &#8211; hoffentlich ohne Hausbesuch durch uns \ud83d\ude42<\/strong><\/p>\n","protected":false},"excerpt":{"rendered":"<p>62 mal waren die Kameradinnen und Kameraden der Kolkwitzer Wehr vergangenes Jahr im Einsatz. Bei [&hellip;]<\/p>\n","protected":false},"author":1,"featured_media":0,"comment_status":"closed","ping_status":"open","sticky":false,"template":"","format":"standard","meta":{"footnotes":""},"categories":[16,19],"tags":[22,23],"class_list":["post-88","post","type-post","status-publish","format-standard","hentry","category-internes","category-neues","tag-befoerderungen","tag-jahreshauptversammlung"],"_links":{"self":[{"href":"https:\/\/www.ff-kolkwitz.de\/index.php?rest_route=\/wp\/v2\/posts\/88","targetHints":{"allow":["GET"]}}],"collection":[{"href":"https:\/\/www.ff-kolkwitz.de\/index.php?rest_route=\/wp\/v2\/posts"}],"about":[{"href":"https:\/\/www.ff-kolkwitz.de\/index.php?rest_route=\/wp\/v2\/types\/post"}],"author":[{"embeddable":true,"href":"https:\/\/www.ff-kolkwitz.de\/index.php?rest_route=\/wp\/v2\/users\/1"}],"replies":[{"embeddable":true,"href":"https:\/\/www.ff-kolkwitz.de\/index.php?rest_route=%2Fwp%2Fv2%2Fcomments&post=88"}],"version-history":[{"count":1,"href":"https:\/\/www.ff-kolkwitz.de\/index.php?rest_route=\/wp\/v2\/posts\/88\/revisions"}],"predecessor-version":[{"id":89,"href":"https:\/\/www.ff-kolkwitz.de\/index.php?rest_route=\/wp\/v2\/posts\/88\/revisions\/89"}],"wp:attachment":[{"href":"https:\/\/www.ff-kolkwitz.de\/index.php?rest_route=%2Fwp%2Fv2%2Fmedia&parent=88"}],"wp:term":[{"taxonomy":"category","embeddable":true,"href":"https:\/\/www.ff-kolkwitz.de\/index.php?rest_route=%2Fwp%2Fv2%2Fcategories&post=88"},{"taxonomy":"post_tag","embeddable":true,"href":"https:\/\/www.ff-kolkwitz.de\/index.php?rest_route=%2Fwp%2Fv2%2Ftags&post=88"}],"curies":[{"name":"wp","href":"https:\/\/api.w.org\/{rel}","templated":true}]}}