{"id":892,"date":"2015-12-23T13:12:47","date_gmt":"2015-12-23T11:12:47","guid":{"rendered":"http:\/\/www.ff-kolkwitz.de\/?p=892"},"modified":"2015-12-25T13:12:59","modified_gmt":"2015-12-25T11:12:59","slug":"blaulichtfichten","status":"publish","type":"post","link":"https:\/\/www.ff-kolkwitz.de\/?p=892","title":{"rendered":"Blau(licht)fichten"},"content":{"rendered":"<p><a href=\"https:\/\/www.ff-kolkwitz.de\/wp-content\/uploads\/2015\/12\/\u00dcbergabe-Pullover-Beil.jpg\"  rel=\"lightbox[892] attachment wp-att-896\"><img loading=\"lazy\" decoding=\"async\" class=\"aligncenter size-large wp-image-896\" src=\"https:\/\/www.ff-kolkwitz.de\/wp-content\/uploads\/2015\/12\/\u00dcbergabe-Pullover-Beil-1024x777.jpg\" alt=\"\u00dcbergabe Pullover Beil\" width=\"565\" height=\"429\" srcset=\"https:\/\/www.ff-kolkwitz.de\/wp-content\/uploads\/2015\/12\/\u00dcbergabe-Pullover-Beil-1024x777.jpg 1024w, https:\/\/www.ff-kolkwitz.de\/wp-content\/uploads\/2015\/12\/\u00dcbergabe-Pullover-Beil-300x228.jpg 300w, https:\/\/www.ff-kolkwitz.de\/wp-content\/uploads\/2015\/12\/\u00dcbergabe-Pullover-Beil-768x583.jpg 768w, https:\/\/www.ff-kolkwitz.de\/wp-content\/uploads\/2015\/12\/\u00dcbergabe-Pullover-Beil.jpg 1185w\" sizes=\"auto, (max-width: 565px) 100vw, 565px\" \/><\/a>Wie bereits im letzten Jahr hat die Feuerwehr beim Weihnachtsbaum auf dem Gel\u00e4nde der Firma Beil in Kolkwitz geholfen.<\/p>\n<p>Die Einnahmen sollen auch diesem Jahr der Jugendfeuerwehr zugute kommen. Daf\u00fcr wollten die Mitglieder der Jugendfeuerwehr danke sagen und \u00fcberreichten dem Ehepaar Beil einen Jugendfeuerwerhr-Pullover. Schlie\u00dflich k\u00f6nnen sich die 12 Jungen und M\u00e4dchen aufgrund der Spende aus dem Vorjahr jetzt in w\u00e4rmende Fleece-Jacken h\u00fcllen.<\/p>\n<p><a href=\"http:\/\/www.lr-online.de\/regionen\/cottbus\/Mit-dem-Beil-geht-es-zu-Beils;art1049,5283884\" target=\"_blank\">Hier ein Artikel der Lausitzer Rundschau zu der Aktion<\/a><\/p>\n","protected":false},"excerpt":{"rendered":"<p>Wie bereits im letzten Jahr hat die Feuerwehr beim Weihnachtsbaum auf dem Gel\u00e4nde der Firma [&hellip;]<\/p>\n","protected":false},"author":1,"featured_media":0,"comment_status":"open","ping_status":"open","sticky":false,"template":"","format":"standard","meta":{"footnotes":""},"categories":[18],"tags":[149,88,14,148],"class_list":["post-892","post","type-post","status-publish","format-standard","hentry","category-jugendfeuerwehr","tag-beil","tag-jugendfeuerwehr","tag-spende","tag-weihnachtsbaeume"],"_links":{"self":[{"href":"https:\/\/www.ff-kolkwitz.de\/index.php?rest_route=\/wp\/v2\/posts\/892","targetHints":{"allow":["GET"]}}],"collection":[{"href":"https:\/\/www.ff-kolkwitz.de\/index.php?rest_route=\/wp\/v2\/posts"}],"about":[{"href":"https:\/\/www.ff-kolkwitz.de\/index.php?rest_route=\/wp\/v2\/types\/post"}],"author":[{"embeddable":true,"href":"https:\/\/www.ff-kolkwitz.de\/index.php?rest_route=\/wp\/v2\/users\/1"}],"replies":[{"embeddable":true,"href":"https:\/\/www.ff-kolkwitz.de\/index.php?rest_route=%2Fwp%2Fv2%2Fcomments&post=892"}],"version-history":[{"count":3,"href":"https:\/\/www.ff-kolkwitz.de\/index.php?rest_route=\/wp\/v2\/posts\/892\/revisions"}],"predecessor-version":[{"id":902,"href":"https:\/\/www.ff-kolkwitz.de\/index.php?rest_route=\/wp\/v2\/posts\/892\/revisions\/902"}],"wp:attachment":[{"href":"https:\/\/www.ff-kolkwitz.de\/index.php?rest_route=%2Fwp%2Fv2%2Fmedia&parent=892"}],"wp:term":[{"taxonomy":"category","embeddable":true,"href":"https:\/\/www.ff-kolkwitz.de\/index.php?rest_route=%2Fwp%2Fv2%2Fcategories&post=892"},{"taxonomy":"post_tag","embeddable":true,"href":"https:\/\/www.ff-kolkwitz.de\/index.php?rest_route=%2Fwp%2Fv2%2Ftags&post=892"}],"curies":[{"name":"wp","href":"https:\/\/api.w.org\/{rel}","templated":true}]}}